{"id":27968,"date":"2023-06-13T23:51:31","date_gmt":"2023-06-13T23:51:31","guid":{"rendered":"http:\/\/lahora.mx\/?p=27968"},"modified":"2023-06-13T23:51:31","modified_gmt":"2023-06-13T23:51:31","slug":"pedro-tepole-es-reprendido-por-el-gobernador-sergio-salmon-por-sedar-perros-callejeros-en-tehuacan","status":"publish","type":"post","link":"https:\/\/lahora.mx\/index.php\/2023\/06\/13\/pedro-tepole-es-reprendido-por-el-gobernador-sergio-salmon-por-sedar-perros-callejeros-en-tehuacan\/","title":{"rendered":"Pedro Tepole es reprendido por el gobernador Sergio Salm\u00f3n por sedar perros callejeros en Tehuac\u00e1n"},"content":{"rendered":"\n<p>El gobernador, Sergio Salom\u00f3n C\u00e9spedes Peregrina, confirm\u00f3 que el Ayuntamiento de Tehuac\u00e1n se comprometi\u00f3 a investigar el procedimiento para sedar a los perros callejeros en la ciudad, luego que activistas denunciaron esta acci\u00f3n para limpiar la zona durante el \u201cMartes Ciudadano\u201d.<\/p>\n\n\n\n<p>Usuarios de redes sociales tambi\u00e9n acusaron al gobierno del alcalde Pedro Tepole Hern\u00e1ndez por la decisi\u00f3n, adem\u00e1s de mostrar fotos de los canes tirados en los arcos del Palacio Municipal.<\/p>\n\n\n\n<p>\u201cHemos venido platicando hoy sobre las circunstancias que se dieron ayer en el tema de los animalitos, quiero decirles que me ha informado que se est\u00e1n generando las investigaciones necesarias en el \u00f3rgano interno de control para asumir y ver todas las responsabilidades que pudieran existir\u201d, dijo el mandatario poblano.<\/p>\n\n\n\n<p>Agreg\u00f3 que la titular de la Secretar\u00eda de Medio Ambiente, Desarrollo Sustentable y Ordenamiento Territorial (SMADSOT), Beatriz Manrique Guevara, se acercar\u00e1 a las autoridades municipales para saber qu\u00e9 ocurri\u00f3.<\/p>\n\n\n\n<p>\u201cYa tambi\u00e9n est\u00e1 trabajando para poder acercarse y ver cu\u00e1les son los procedimientos que est\u00e1n corriendo, y tambi\u00e9n tener cercan\u00eda con todos los activistas para poder generar mejores condiciones\u201d, expres\u00f3.<\/p>\n\n\n\n<p>C\u00e9spedes Peregrina resalt\u00f3 que el bienestar animal es una prioridad de su administraci\u00f3n, por lo que se mostr\u00f3 seguro de que esa pol\u00edtica p\u00fablica tambi\u00e9n ser\u00e1 llevada a cabo por el presidente municipal.<\/p>\n\n\n\n<p>Las declaraciones del mandatario ocurrieron de frente al edil y en el inicio del \u201cMartes Ciudadano\u201d itinerante que se realiz\u00f3 en Tehuac\u00e1n.<\/p>\n","protected":false},"excerpt":{"rendered":"<p>El gobernador, Sergio Salom\u00f3n C\u00e9spedes Peregrina, confirm\u00f3 que el Ayuntamiento de Tehuac\u00e1n se comprometi\u00f3 a investigar el procedimiento para sedar a los perros callejeros en la ciudad, luego que activistas denunciaron esta acci\u00f3n para limpiar la zona durante el \u201cMartes Ciudadano\u201d. Usuarios de redes sociales tambi\u00e9n acusaron al gobierno del alcalde Pedro Tepole Hern\u00e1ndez por [&hellip;]<\/p>\n","protected":false},"author":4,"featured_media":27969,"comment_status":"open","ping_status":"open","sticky":false,"template":"","format":"standard","meta":{"om_disable_all_campaigns":false,"_monsterinsights_skip_tracking":false,"_monsterinsights_sitenote_active":false,"_monsterinsights_sitenote_note":"","_monsterinsights_sitenote_category":0,"footnotes":""},"categories":[175],"tags":[223],"class_list":["post-27968","post","type-post","status-publish","format-standard","has-post-thumbnail","hentry","category-local","tag-puebla"],"amp_enabled":true,"_links":{"self":[{"href":"https:\/\/lahora.mx\/index.php\/wp-json\/wp\/v2\/posts\/27968","targetHints":{"allow":["GET"]}}],"collection":[{"href":"https:\/\/lahora.mx\/index.php\/wp-json\/wp\/v2\/posts"}],"about":[{"href":"https:\/\/lahora.mx\/index.php\/wp-json\/wp\/v2\/types\/post"}],"author":[{"embeddable":true,"href":"https:\/\/lahora.mx\/index.php\/wp-json\/wp\/v2\/users\/4"}],"replies":[{"embeddable":true,"href":"https:\/\/lahora.mx\/index.php\/wp-json\/wp\/v2\/comments?post=27968"}],"version-history":[{"count":1,"href":"https:\/\/lahora.mx\/index.php\/wp-json\/wp\/v2\/posts\/27968\/revisions"}],"predecessor-version":[{"id":27970,"href":"https:\/\/lahora.mx\/index.php\/wp-json\/wp\/v2\/posts\/27968\/revisions\/27970"}],"wp:featuredmedia":[{"embeddable":true,"href":"https:\/\/lahora.mx\/index.php\/wp-json\/wp\/v2\/media\/27969"}],"wp:attachment":[{"href":"https:\/\/lahora.mx\/index.php\/wp-json\/wp\/v2\/media?parent=27968"}],"wp:term":[{"taxonomy":"category","embeddable":true,"href":"https:\/\/lahora.mx\/index.php\/wp-json\/wp\/v2\/categories?post=27968"},{"taxonomy":"post_tag","embeddable":true,"href":"https:\/\/lahora.mx\/index.php\/wp-json\/wp\/v2\/tags?post=27968"}],"curies":[{"name":"wp","href":"https:\/\/api.w.org\/{rel}","templated":true}]}}