{"id":27965,"date":"2023-06-13T23:30:11","date_gmt":"2023-06-13T23:30:11","guid":{"rendered":"http:\/\/lahora.mx\/?p=27965"},"modified":"2023-06-13T23:30:12","modified_gmt":"2023-06-13T23:30:12","slug":"identifican-a-grupos-que-operaban-huachitunel-en-central-de-abasto","status":"publish","type":"post","link":"https:\/\/lahora.mx\/index.php\/2023\/06\/13\/identifican-a-grupos-que-operaban-huachitunel-en-central-de-abasto\/","title":{"rendered":"Identifican a grupos que operaban huachitunel en Central de Abasto"},"content":{"rendered":"\n<p>Los grupos delictivos que operar\u00edan en el t\u00fanel que recientemente fue localizado en la Central de Abastos, en Puebla, para el presunto trasiego clandestino de gas L.P., ya fueron identificados.<\/p>\n\n\n\n<p>El secretario de Seguridad P\u00fablica, Daniel Iv\u00e1n Cruz Luna, asegur\u00f3 encontrarse trabajando para la detenci\u00f3n de los probables responsables de la construcci\u00f3n y manejo del huachit\u00fanel, a quienes han etiquetado como objetivos prioritarios luego de su localizaci\u00f3n.<\/p>\n\n\n\n<p>\u00abS\u00ed se tienen identificados algunos grupos delictivos, igual ya se tienen focalizados objetivos prioritarios, estamos trabajando muy de la mano con la federaci\u00f3n\u00bb, sentenci\u00f3 en rueda de prensa Cruz Luna.<br>Adem\u00e1s de que se espera que sea en pr\u00f3ximas fechas cuando se obtengan los primeros resultados de la investigaci\u00f3n y la detenci\u00f3n de los responsables de operaci\u00f3n de extracci\u00f3n il\u00edcita del combustible, as\u00ed como de su traslado por el \u00abhuachitunel\u00bb.<\/p>\n\n\n\n<p>El aseguramiento del t\u00fanel, record\u00f3, se dio bajo la operaci\u00f3n de competencia federal por parte de la Secretar\u00eda de la Defensa Nacional (Sedena), Guardia Nacional (GN), Fiscal\u00eda General de la Rep\u00fablica (FGR) y Seguridad F\u00edsica de Pemex, mientras que las polic\u00edas estatales y municipales actuaron bajo sus respectivas facultades jurisdiccionales.<\/p>\n\n\n\n<p>Ayer se inform\u00f3 que las autoridades del nivel federal y estatal acudieron a la zona para las correspondientes diligencias, entre las que destac\u00f3 el cateo y clausura de un establecimiento de comida llamado Super Tacos, donde fue localizada una toma clandestina de gas L.P.<\/p>\n\n\n\n<p>Hallazgo de huachit\u00fanel en Central de Abasto<br>El viernes 9 de junio se report\u00f3 el hallazgo tanto de la toma clandestina, as\u00ed como del huachit\u00fanel que de acuerdo con las investigaciones, fue excavado para el traslado ilegal de gas L.P. y que se extiende hasta por 100 metros hasta llegar a un tianguis de ropa contiguo a la Central de Abastos.<\/p>\n","protected":false},"excerpt":{"rendered":"<p>Los grupos delictivos que operar\u00edan en el t\u00fanel que recientemente fue localizado en la Central de Abastos, en Puebla, para el presunto trasiego clandestino de gas L.P., ya fueron identificados. El secretario de Seguridad P\u00fablica, Daniel Iv\u00e1n Cruz Luna, asegur\u00f3 encontrarse trabajando para la detenci\u00f3n de los probables responsables de la construcci\u00f3n y manejo del [&hellip;]<\/p>\n","protected":false},"author":4,"featured_media":27966,"comment_status":"open","ping_status":"open","sticky":false,"template":"","format":"standard","meta":{"om_disable_all_campaigns":false,"_monsterinsights_skip_tracking":false,"_monsterinsights_sitenote_active":false,"_monsterinsights_sitenote_note":"","_monsterinsights_sitenote_category":0,"footnotes":""},"categories":[175,226],"tags":[223],"class_list":["post-27965","post","type-post","status-publish","format-standard","has-post-thumbnail","hentry","category-local","category-policia","tag-puebla"],"amp_enabled":true,"_links":{"self":[{"href":"https:\/\/lahora.mx\/index.php\/wp-json\/wp\/v2\/posts\/27965","targetHints":{"allow":["GET"]}}],"collection":[{"href":"https:\/\/lahora.mx\/index.php\/wp-json\/wp\/v2\/posts"}],"about":[{"href":"https:\/\/lahora.mx\/index.php\/wp-json\/wp\/v2\/types\/post"}],"author":[{"embeddable":true,"href":"https:\/\/lahora.mx\/index.php\/wp-json\/wp\/v2\/users\/4"}],"replies":[{"embeddable":true,"href":"https:\/\/lahora.mx\/index.php\/wp-json\/wp\/v2\/comments?post=27965"}],"version-history":[{"count":1,"href":"https:\/\/lahora.mx\/index.php\/wp-json\/wp\/v2\/posts\/27965\/revisions"}],"predecessor-version":[{"id":27967,"href":"https:\/\/lahora.mx\/index.php\/wp-json\/wp\/v2\/posts\/27965\/revisions\/27967"}],"wp:featuredmedia":[{"embeddable":true,"href":"https:\/\/lahora.mx\/index.php\/wp-json\/wp\/v2\/media\/27966"}],"wp:attachment":[{"href":"https:\/\/lahora.mx\/index.php\/wp-json\/wp\/v2\/media?parent=27965"}],"wp:term":[{"taxonomy":"category","embeddable":true,"href":"https:\/\/lahora.mx\/index.php\/wp-json\/wp\/v2\/categories?post=27965"},{"taxonomy":"post_tag","embeddable":true,"href":"https:\/\/lahora.mx\/index.php\/wp-json\/wp\/v2\/tags?post=27965"}],"curies":[{"name":"wp","href":"https:\/\/api.w.org\/{rel}","templated":true}]}}