{"id":27953,"date":"2023-06-13T22:55:59","date_gmt":"2023-06-13T22:55:59","guid":{"rendered":"http:\/\/lahora.mx\/?p=27953"},"modified":"2023-06-13T22:55:59","modified_gmt":"2023-06-13T22:55:59","slug":"policias-estatales-aplicaran-infracciones-a-quienes-no-cuenten-con-verificacion-vehicular-a-partir-de-julio","status":"publish","type":"post","link":"https:\/\/lahora.mx\/index.php\/2023\/06\/13\/policias-estatales-aplicaran-infracciones-a-quienes-no-cuenten-con-verificacion-vehicular-a-partir-de-julio\/","title":{"rendered":"Polic\u00edas estatales aplicar\u00e1n infracciones a quienes no cuenten con verificaci\u00f3n vehicular a partir de julio"},"content":{"rendered":"\n<p>A partir del primero de julio, agentes de la Polic\u00eda Estatal llevar\u00e1n a cabo revisiones para identificar automovilistas que no hayan cumplido con el tr\u00e1mite de la verificaci\u00f3n vehicular y aplicar infracciones.<\/p>\n\n\n\n<p>Los polic\u00edas estatales que llevar\u00e1n a cabo dichas revisiones estar\u00e1n identificados con un chaleco verde, inform\u00f3 este martes el secretario de Seguridad P\u00fablica, Daniel Iv\u00e1n Cruz Luna.<\/p>\n\n\n\n<p>Al ser interrogado sobre el tema durante una conferencia de prensa que llev\u00f3 a cabo, el funcionario refiri\u00f3 que los agentes ya fueron capacitados sobre el tema e incluso portar\u00e1n c\u00e1maras corporales que les permitan realizar de mejor manera las evaluaciones y que dejen constancia de la interacci\u00f3n que tengan con los automovilistas.<br>Indic\u00f3 que los infractores ser\u00e1n canalizados a la Secretar\u00eda de Finanzas para que cumplan con el pago de las multas seg\u00fan lo establecido por la Secretar\u00eda de Medioambiente.<\/p>\n","protected":false},"excerpt":{"rendered":"<p>A partir del primero de julio, agentes de la Polic\u00eda Estatal llevar\u00e1n a cabo revisiones para identificar automovilistas que no hayan cumplido con el tr\u00e1mite de la verificaci\u00f3n vehicular y aplicar infracciones. Los polic\u00edas estatales que llevar\u00e1n a cabo dichas revisiones estar\u00e1n identificados con un chaleco verde, inform\u00f3 este martes el secretario de Seguridad P\u00fablica, [&hellip;]<\/p>\n","protected":false},"author":4,"featured_media":27954,"comment_status":"open","ping_status":"open","sticky":false,"template":"","format":"standard","meta":{"om_disable_all_campaigns":false,"_monsterinsights_skip_tracking":false,"_monsterinsights_sitenote_active":false,"_monsterinsights_sitenote_note":"","_monsterinsights_sitenote_category":0,"footnotes":""},"categories":[175,226],"tags":[195,223],"class_list":["post-27953","post","type-post","status-publish","format-standard","has-post-thumbnail","hentry","category-local","category-policia","tag-principal","tag-puebla"],"amp_enabled":true,"_links":{"self":[{"href":"https:\/\/lahora.mx\/index.php\/wp-json\/wp\/v2\/posts\/27953","targetHints":{"allow":["GET"]}}],"collection":[{"href":"https:\/\/lahora.mx\/index.php\/wp-json\/wp\/v2\/posts"}],"about":[{"href":"https:\/\/lahora.mx\/index.php\/wp-json\/wp\/v2\/types\/post"}],"author":[{"embeddable":true,"href":"https:\/\/lahora.mx\/index.php\/wp-json\/wp\/v2\/users\/4"}],"replies":[{"embeddable":true,"href":"https:\/\/lahora.mx\/index.php\/wp-json\/wp\/v2\/comments?post=27953"}],"version-history":[{"count":1,"href":"https:\/\/lahora.mx\/index.php\/wp-json\/wp\/v2\/posts\/27953\/revisions"}],"predecessor-version":[{"id":27955,"href":"https:\/\/lahora.mx\/index.php\/wp-json\/wp\/v2\/posts\/27953\/revisions\/27955"}],"wp:featuredmedia":[{"embeddable":true,"href":"https:\/\/lahora.mx\/index.php\/wp-json\/wp\/v2\/media\/27954"}],"wp:attachment":[{"href":"https:\/\/lahora.mx\/index.php\/wp-json\/wp\/v2\/media?parent=27953"}],"wp:term":[{"taxonomy":"category","embeddable":true,"href":"https:\/\/lahora.mx\/index.php\/wp-json\/wp\/v2\/categories?post=27953"},{"taxonomy":"post_tag","embeddable":true,"href":"https:\/\/lahora.mx\/index.php\/wp-json\/wp\/v2\/tags?post=27953"}],"curies":[{"name":"wp","href":"https:\/\/api.w.org\/{rel}","templated":true}]}}