{"id":27947,"date":"2023-06-13T22:50:00","date_gmt":"2023-06-13T22:50:00","guid":{"rendered":"http:\/\/lahora.mx\/?p=27947"},"modified":"2023-06-13T22:50:01","modified_gmt":"2023-06-13T22:50:01","slug":"el-gobernador-sergio-salomon-cespedes-peregrina-realiza-jornada-de-entrega-de-programas-de-bienestar-en-el-estado-de-puebla","status":"publish","type":"post","link":"https:\/\/lahora.mx\/index.php\/2023\/06\/13\/el-gobernador-sergio-salomon-cespedes-peregrina-realiza-jornada-de-entrega-de-programas-de-bienestar-en-el-estado-de-puebla\/","title":{"rendered":"El gobernador Sergio Salom\u00f3n  C\u00e9spedes Peregrina realiza jornada de entrega de programas de bienestar en el estado de Puebla"},"content":{"rendered":"\n<p>Este martes 13 de junio, el gobernador de Puebla, Sergio Salom\u00f3n C\u00e9spedes Peregrina llev\u00f3 a cabo una importante jornada de entrega de programas de bienestar en la entidad.<\/p>\n\n\n\n<p>Durante esta actividad, se entregaron mil acciones de los programas de Bienestar, destinados a mejorar la calidad de vida de los ciudadanos.<\/p>\n\n\n\n<p>Adem\u00e1s, se otorgaron 142 apoyos del programa de atenci\u00f3n a los siniestros en el campo, brindando asistencia a aquellos afectados por las lluvias y granizadas. Estas acciones buscan apoyar a los agricultores y ganaderos que han sufrido p\u00e9rdidas debido a los fen\u00f3menos naturales.<\/p>\n\n\n\n<p>En el \u00e1mbito de la vivienda, se dieron 40 t\u00edtulos de propiedad de predios urbanos y suburbanos, brindando seguridad jur\u00eddica a las familias que han construido sus hogares en estas zonas.<\/p>\n\n\n\n<p>Adem\u00e1s, se brindaron certificaciones de rehabilitaciones escolares en el municipio de Tehuac\u00e1n, mostrando el compromiso del gobierno estatal con la educaci\u00f3n y el mejoramiento de las instalaciones escolares.<\/p>\n\n\n\n<p>En esta jornada de entrega, el gobernador estuvo acompa\u00f1ado por su esposa, Gaby Bonilla, quien tambi\u00e9n particip\u00f3 en la labor de beneficio social. Se entregaron sillas de ruedas y bastones de cuatro puntos en beneficio de los adultos mayores, brind\u00e1ndoles mayor movilidad y apoyo para su bienestar.<\/p>\n","protected":false},"excerpt":{"rendered":"<p>Este martes 13 de junio, el gobernador de Puebla, Sergio Salom\u00f3n C\u00e9spedes Peregrina llev\u00f3 a cabo una importante jornada de entrega de programas de bienestar en la entidad. Durante esta actividad, se entregaron mil acciones de los programas de Bienestar, destinados a mejorar la calidad de vida de los ciudadanos. Adem\u00e1s, se otorgaron 142 apoyos [&hellip;]<\/p>\n","protected":false},"author":4,"featured_media":27948,"comment_status":"open","ping_status":"open","sticky":false,"template":"","format":"standard","meta":{"om_disable_all_campaigns":false,"_monsterinsights_skip_tracking":false,"_monsterinsights_sitenote_active":false,"_monsterinsights_sitenote_note":"","_monsterinsights_sitenote_category":0,"footnotes":""},"categories":[175],"tags":[223],"class_list":["post-27947","post","type-post","status-publish","format-standard","has-post-thumbnail","hentry","category-local","tag-puebla"],"amp_enabled":true,"_links":{"self":[{"href":"https:\/\/lahora.mx\/index.php\/wp-json\/wp\/v2\/posts\/27947","targetHints":{"allow":["GET"]}}],"collection":[{"href":"https:\/\/lahora.mx\/index.php\/wp-json\/wp\/v2\/posts"}],"about":[{"href":"https:\/\/lahora.mx\/index.php\/wp-json\/wp\/v2\/types\/post"}],"author":[{"embeddable":true,"href":"https:\/\/lahora.mx\/index.php\/wp-json\/wp\/v2\/users\/4"}],"replies":[{"embeddable":true,"href":"https:\/\/lahora.mx\/index.php\/wp-json\/wp\/v2\/comments?post=27947"}],"version-history":[{"count":1,"href":"https:\/\/lahora.mx\/index.php\/wp-json\/wp\/v2\/posts\/27947\/revisions"}],"predecessor-version":[{"id":27949,"href":"https:\/\/lahora.mx\/index.php\/wp-json\/wp\/v2\/posts\/27947\/revisions\/27949"}],"wp:featuredmedia":[{"embeddable":true,"href":"https:\/\/lahora.mx\/index.php\/wp-json\/wp\/v2\/media\/27948"}],"wp:attachment":[{"href":"https:\/\/lahora.mx\/index.php\/wp-json\/wp\/v2\/media?parent=27947"}],"wp:term":[{"taxonomy":"category","embeddable":true,"href":"https:\/\/lahora.mx\/index.php\/wp-json\/wp\/v2\/categories?post=27947"},{"taxonomy":"post_tag","embeddable":true,"href":"https:\/\/lahora.mx\/index.php\/wp-json\/wp\/v2\/tags?post=27947"}],"curies":[{"name":"wp","href":"https:\/\/api.w.org\/{rel}","templated":true}]}}