{"id":27944,"date":"2023-06-13T18:09:21","date_gmt":"2023-06-13T18:09:21","guid":{"rendered":"http:\/\/lahora.mx\/?p=27944"},"modified":"2023-06-13T18:09:22","modified_gmt":"2023-06-13T18:09:22","slug":"slim-y-larrea-impulsan-iniciativa-que-los-ricos-paguen-mas-impuestos-en-mexico","status":"publish","type":"post","link":"https:\/\/lahora.mx\/index.php\/2023\/06\/13\/slim-y-larrea-impulsan-iniciativa-que-los-ricos-paguen-mas-impuestos-en-mexico\/","title":{"rendered":"Slim y Larrea: Impulsan iniciativa \u2018Que los ricos paguen m\u00e1s\u2019 impuestos en M\u00e9xico"},"content":{"rendered":"\n<p>La iniciativa \u2018Que los m\u00e1s ricos paguen\u2019, impulsada por varias organizaciones de la sociedad civil, ha sido presentada este lunes con el objetivo de que haya justicia fiscal y M\u00e9xico deje de ser uno de los pa\u00edses con menor recaudaci\u00f3n de impuestos.<\/p>\n\n\n\n<p>\u201cQue pague m\u00e1s quien m\u00e1s gana y que reciba m\u00e1s quien menos tiene\u201d, expuso en conferencia Diego Merla, coordinador de justicia fiscal en Oxfam M\u00e9xico.<\/p>\n\n\n\n<p>El objetivo principal de la iniciativa es modificar el art\u00edculo 31 de la Constituci\u00f3n, para incluir la progresividad en el sistema fiscal, de modo que cuanto mayor sea el ingreso de una persona, mayor porcentaje aporte al dinero p\u00fablico.<\/p>\n\n\n\n<p>A trav\u00e9s de videollamada, M\u00e1ximo Jaramillo, cofundador del Instituto de Estudios sobre la Desigualdad (InDesig), detall\u00f3 que en los \u00faltimos a\u00f1os apenas ha aumentado la recaudaci\u00f3n en M\u00e9xico, que es del 16 por ciento del Producto Interno Bruto (PIB), mientras que en Brasil se recauda 32 por ciento, y en pa\u00edses que tienen mayores niveles de pobreza como Bolivia, Honduras o Nicaragua, la cifra es de 24 por ciento.<\/p>\n\n\n\n<p>\u00bfDebes pagar impuestos al SAT si te ganas el Melate o la loter\u00eda?<br>Pago de impuestos por ganar la loter\u00eda o el Melate ante el SAT.<br>Adem\u00e1s, detall\u00f3 que el sistema fiscal mexicano no redistribuye. \u201cEso implica que la desigualdad econ\u00f3mica no se reduce\u201d, dijo.<\/p>\n\n\n\n<p>\u201cHay esfuerzos recientes, pero, \u00bfqu\u00e9 sigue? Es innegable que ha habido avances, como cobrar a grandes deudores, pero no ha sido suficiente. Apenas han aumentado ingresos por impuesto, solamente 2 por ciento con respecto a 2018. Ser\u00e1 urgente en el futuro hacer una reforma fiscal\u201d, complet\u00f3.<\/p>\n\n\n\n<p>En la conferencia estuvo presente tambi\u00e9n Mar\u00eda Clemente, del gobernante Movimiento Regeneraci\u00f3n Nacional (Morena), una de las diputadas que apoya la iniciativa.<\/p>\n\n\n\n<p>\u201cNos sumamos porque es una de las causas que nuestro partido ha prometido proteger\u201d, dijo.<\/p>\n\n\n\n<p>\u201cEs muy justo que ellos paguen m\u00e1s y de eso trata la progresividad. Es importante que en este quinto periodo de esta legislatura que se discute el presupuesto, que esta iniciativa llegue y la vamos a acompa\u00f1ar en las comisiones en el presionar a todos los pol\u00edticos\u201d, termin\u00f3.<\/p>\n\n\n\n<p>La iniciativa, que ya ha sido presentada, tiene ahora que turnarse a comisi\u00f3n o comisiones. A continuaci\u00f3n se pasar\u00eda al pleno de la C\u00e1mara de Diputados para que se discuta y se apruebe. Por \u00faltimo, se enviar\u00eda al Ejecutivo, que puede vetarla o aprobarla<\/p>\n","protected":false},"excerpt":{"rendered":"<p>La iniciativa \u2018Que los m\u00e1s ricos paguen\u2019, impulsada por varias organizaciones de la sociedad civil, ha sido presentada este lunes con el objetivo de que haya justicia fiscal y M\u00e9xico deje de ser uno de los pa\u00edses con menor recaudaci\u00f3n de impuestos. \u201cQue pague m\u00e1s quien m\u00e1s gana y que reciba m\u00e1s quien menos tiene\u201d, [&hellip;]<\/p>\n","protected":false},"author":4,"featured_media":27945,"comment_status":"open","ping_status":"open","sticky":false,"template":"","format":"standard","meta":{"om_disable_all_campaigns":false,"_monsterinsights_skip_tracking":false,"_monsterinsights_sitenote_active":false,"_monsterinsights_sitenote_note":"","_monsterinsights_sitenote_category":0,"footnotes":""},"categories":[175],"tags":[223],"class_list":["post-27944","post","type-post","status-publish","format-standard","has-post-thumbnail","hentry","category-local","tag-puebla"],"amp_enabled":true,"_links":{"self":[{"href":"https:\/\/lahora.mx\/index.php\/wp-json\/wp\/v2\/posts\/27944","targetHints":{"allow":["GET"]}}],"collection":[{"href":"https:\/\/lahora.mx\/index.php\/wp-json\/wp\/v2\/posts"}],"about":[{"href":"https:\/\/lahora.mx\/index.php\/wp-json\/wp\/v2\/types\/post"}],"author":[{"embeddable":true,"href":"https:\/\/lahora.mx\/index.php\/wp-json\/wp\/v2\/users\/4"}],"replies":[{"embeddable":true,"href":"https:\/\/lahora.mx\/index.php\/wp-json\/wp\/v2\/comments?post=27944"}],"version-history":[{"count":1,"href":"https:\/\/lahora.mx\/index.php\/wp-json\/wp\/v2\/posts\/27944\/revisions"}],"predecessor-version":[{"id":27946,"href":"https:\/\/lahora.mx\/index.php\/wp-json\/wp\/v2\/posts\/27944\/revisions\/27946"}],"wp:featuredmedia":[{"embeddable":true,"href":"https:\/\/lahora.mx\/index.php\/wp-json\/wp\/v2\/media\/27945"}],"wp:attachment":[{"href":"https:\/\/lahora.mx\/index.php\/wp-json\/wp\/v2\/media?parent=27944"}],"wp:term":[{"taxonomy":"category","embeddable":true,"href":"https:\/\/lahora.mx\/index.php\/wp-json\/wp\/v2\/categories?post=27944"},{"taxonomy":"post_tag","embeddable":true,"href":"https:\/\/lahora.mx\/index.php\/wp-json\/wp\/v2\/tags?post=27944"}],"curies":[{"name":"wp","href":"https:\/\/api.w.org\/{rel}","templated":true}]}}