{"id":27941,"date":"2023-06-13T17:59:27","date_gmt":"2023-06-13T17:59:27","guid":{"rendered":"http:\/\/lahora.mx\/?p=27941"},"modified":"2023-06-13T17:59:27","modified_gmt":"2023-06-13T17:59:27","slug":"asesinan-a-tiros-hombre-en-colonia-nueva-san-salvador","status":"publish","type":"post","link":"https:\/\/lahora.mx\/index.php\/2023\/06\/13\/asesinan-a-tiros-hombre-en-colonia-nueva-san-salvador\/","title":{"rendered":"Asesinan a tiros hombre en colonia Nueva San Salvador"},"content":{"rendered":"\n<p>En un aparente ataque directo, un hombre fue asesinado a balazos frente a unos establecimientos de la colonia Nueva San Salvador, perteneciente a la junta auxiliar de San Sebasti\u00e1n de Aparicio, en el norte de la ciudad de Puebla.<\/p>\n\n\n\n<p>La ejecuci\u00f3n que puso en alerta a los vecinos, pues este se cometi\u00f3 a una cuadra de la iglesia de la colonia.<\/p>\n\n\n\n<p>Durante la madrugada de este 13 de junio, peritos de la Fiscal\u00eda General del Estado (FGE) de Puebla, realizaron las diligencias del levantamiento del cad\u00e1ver en la intersecci\u00f3n de las calles San Jos\u00e9 del Cabo y Cabo Bajo.<\/p>\n\n\n\n<p>Sobre la mec\u00e1nica de los hechos, se dio a conocer que alrededor de las 21:00 horas del 12 de junio, los ocupantes de un veh\u00edculo de color blanco, le dispararon sin motivo aparente a un hombre en repetidas ocasiones hiri\u00e9ndolo de gravedad.<\/p>\n\n\n\n<p>La v\u00edctima qued\u00f3 tendida afuera de establecimientos, mientras que transe\u00fantes que se percataron del ataque, solicitaron el apoyo de los servicios de emergencia.<\/p>\n\n\n\n<p>Param\u00e9dicos de las ambulancias UAM Puebla, acudieron al lugar y al revisar al var\u00f3n indicaron que ya hab\u00eda fallecido a consecuencia de impactos con arma de fuego que recibi\u00f3 en la cabeza.<\/p>\n\n\n\n<p>El occiso, de aproximadamente 35 a\u00f1os de edad, qued\u00f3 en calidad de desconocido, pues los vecinos de la zona no lo reconocieron como habitante de la colonia<\/p>\n\n\n\n<p>Como se\u00f1a particular se dio a conocer que era de tez morena, vest\u00eda un pantal\u00f3n de mezclilla de color azul, tenis negros y ten\u00eda unos tatuajes a la altura de las costillas de costado derecho.<\/p>\n","protected":false},"excerpt":{"rendered":"<p>En un aparente ataque directo, un hombre fue asesinado a balazos frente a unos establecimientos de la colonia Nueva San Salvador, perteneciente a la junta auxiliar de San Sebasti\u00e1n de Aparicio, en el norte de la ciudad de Puebla. La ejecuci\u00f3n que puso en alerta a los vecinos, pues este se cometi\u00f3 a una cuadra [&hellip;]<\/p>\n","protected":false},"author":4,"featured_media":27942,"comment_status":"open","ping_status":"open","sticky":false,"template":"","format":"standard","meta":{"om_disable_all_campaigns":false,"_monsterinsights_skip_tracking":false,"_monsterinsights_sitenote_active":false,"_monsterinsights_sitenote_note":"","_monsterinsights_sitenote_category":0,"footnotes":""},"categories":[175,226],"tags":[223],"class_list":["post-27941","post","type-post","status-publish","format-standard","has-post-thumbnail","hentry","category-local","category-policia","tag-puebla"],"amp_enabled":true,"_links":{"self":[{"href":"https:\/\/lahora.mx\/index.php\/wp-json\/wp\/v2\/posts\/27941","targetHints":{"allow":["GET"]}}],"collection":[{"href":"https:\/\/lahora.mx\/index.php\/wp-json\/wp\/v2\/posts"}],"about":[{"href":"https:\/\/lahora.mx\/index.php\/wp-json\/wp\/v2\/types\/post"}],"author":[{"embeddable":true,"href":"https:\/\/lahora.mx\/index.php\/wp-json\/wp\/v2\/users\/4"}],"replies":[{"embeddable":true,"href":"https:\/\/lahora.mx\/index.php\/wp-json\/wp\/v2\/comments?post=27941"}],"version-history":[{"count":1,"href":"https:\/\/lahora.mx\/index.php\/wp-json\/wp\/v2\/posts\/27941\/revisions"}],"predecessor-version":[{"id":27943,"href":"https:\/\/lahora.mx\/index.php\/wp-json\/wp\/v2\/posts\/27941\/revisions\/27943"}],"wp:featuredmedia":[{"embeddable":true,"href":"https:\/\/lahora.mx\/index.php\/wp-json\/wp\/v2\/media\/27942"}],"wp:attachment":[{"href":"https:\/\/lahora.mx\/index.php\/wp-json\/wp\/v2\/media?parent=27941"}],"wp:term":[{"taxonomy":"category","embeddable":true,"href":"https:\/\/lahora.mx\/index.php\/wp-json\/wp\/v2\/categories?post=27941"},{"taxonomy":"post_tag","embeddable":true,"href":"https:\/\/lahora.mx\/index.php\/wp-json\/wp\/v2\/tags?post=27941"}],"curies":[{"name":"wp","href":"https:\/\/api.w.org\/{rel}","templated":true}]}}