{"id":27927,"date":"2023-06-13T03:24:28","date_gmt":"2023-06-13T03:24:28","guid":{"rendered":"http:\/\/lahora.mx\/?p=27927"},"modified":"2023-06-13T03:24:29","modified_gmt":"2023-06-13T03:24:29","slug":"el-plan-b-que-tenemos-cual-puede-ser-invitar-a-claudia-a-gobernacion-dice-ebrard","status":"publish","type":"post","link":"https:\/\/lahora.mx\/index.php\/2023\/06\/13\/el-plan-b-que-tenemos-cual-puede-ser-invitar-a-claudia-a-gobernacion-dice-ebrard\/","title":{"rendered":"\u00ab\u00bfEl plan B que tenemos cu\u00e1l puede ser? Invitar a Claudia a Gobernaci\u00f3n\u00bb, dice Ebrard"},"content":{"rendered":"\n<p>En la carta entregada al presidente Andr\u00e9s Manuel L\u00f3pez Obrador, Marcelo Ebrard sostuvo que defender\u00e1 la Cuarta Transformaci\u00f3n, y buscar su permanencia y consolidaci\u00f3n en los pr\u00f3ximos a\u00f1os.<br>En su primer evento tras renunciar a la canciller\u00eda, afirm\u00f3 que no tiene un Plan B, porque est\u00e1 convencido de conseguir la candidatura, y que su equipo no est\u00e1 integrado por \u00abconformistas\u00bb.<\/p>\n\n\n\n<p>\u00ab\u00bfEl plan B que tenemos cu\u00e1l puede ser? Que invitemos a Claudia a Gobernaci\u00f3n. Nosotros vamos a ganar\u00bb, expres\u00f3.<\/p>\n\n\n\n<p>Adem\u00e1s, el exfuncionario entreg\u00f3 al presidente un informe de resultados, que es una s\u00edntesis de los principales logros obtenidos por la Canciller\u00eda.<\/p>\n\n\n\n<p>Respecto a los recorridos al interior del pa\u00eds, dijo que pronto dar\u00e1 detalles sobre los lugares que visitar\u00e1n, aunque afirm\u00f3 que no habr\u00e1 exceso de recursos.<\/p>\n\n\n\n<p><br>\u00abEn todo hemos cuidado la austeridad. No va a haber un s\u00f3lo caso donde se pueda decir lo contrario\u00bb, asegur\u00f3.<\/p>\n\n\n\n<p>Expuso que durante su recorrido por los estados presentar\u00e1 sus propuestas de seguridad; sistema universal de salud, sistema educativo; igualdad de g\u00e9nero; cambio clim\u00e1tico, apoyos para j\u00f3venes y seguro de desempleo.<\/p>\n\n\n\n<p>Ebrard fue recibido por una estudiantina, y acompa\u00f1ado de decenas de simpatizantes que coreaban \u00ab\u00a1Es un honor estar con el mejor!\u00bb.<\/p>\n\n\n\n<p>En cuanto a las encuestas, dijo que se integrar\u00e1 un equipo t\u00e9cnico para darle seguimiento y elegir a las dos empresas que se propondr\u00e1n para que realicen los ejercicios espejo.<\/p>\n\n\n\n<p>Marcelo Ebrard afirm\u00f3 que el presidente fue muy afectuoso durante su reuni\u00f3n, al entregarle su renuncia.<\/p>\n\n\n\n<p>Yo dir\u00eda que hubo una primera parte de la reuni\u00f3n que fue con el secretario de Relaciones Exteriores. Y luego ya hicimos una pl\u00e1tica de amigos, como hemos sido hace tantos a\u00f1os, m\u00e1s de 23 a\u00f1os. Me dio mi abrazo, me dese\u00f3 \u00e9xito, yo tambi\u00e9n a \u00e9l por el bien de M\u00e9xico\u00bb, sostuvo.<\/p>\n\n\n\n<p>El excanciller le dijo al presidente: \u00absiempre ser\u00e9 yo tu carnal, donde est\u00e9\u00bb.<\/p>\n\n\n\n<p>Ebrard subray\u00f3 que el acudir\u00e1 a todas las plataformas donde pueda exponer sus propuestas y argumentos para ganar la candidatura.<\/p>\n\n\n\n<p>Cada qui\u00e9n tiene su criterio. Tenemos que ir sin temor alguno a defender lo que creemos<\/p>\n","protected":false},"excerpt":{"rendered":"<p>En la carta entregada al presidente Andr\u00e9s Manuel L\u00f3pez Obrador, Marcelo Ebrard sostuvo que defender\u00e1 la Cuarta Transformaci\u00f3n, y buscar su permanencia y consolidaci\u00f3n en los pr\u00f3ximos a\u00f1os.En su primer evento tras renunciar a la canciller\u00eda, afirm\u00f3 que no tiene un Plan B, porque est\u00e1 convencido de conseguir la candidatura, y que su equipo no [&hellip;]<\/p>\n","protected":false},"author":4,"featured_media":27928,"comment_status":"open","ping_status":"open","sticky":false,"template":"","format":"standard","meta":{"om_disable_all_campaigns":false,"_monsterinsights_skip_tracking":false,"_monsterinsights_sitenote_active":false,"_monsterinsights_sitenote_note":"","_monsterinsights_sitenote_category":0,"footnotes":""},"categories":[176],"tags":[],"class_list":["post-27927","post","type-post","status-publish","format-standard","has-post-thumbnail","hentry","category-nacional"],"amp_enabled":true,"_links":{"self":[{"href":"https:\/\/lahora.mx\/index.php\/wp-json\/wp\/v2\/posts\/27927","targetHints":{"allow":["GET"]}}],"collection":[{"href":"https:\/\/lahora.mx\/index.php\/wp-json\/wp\/v2\/posts"}],"about":[{"href":"https:\/\/lahora.mx\/index.php\/wp-json\/wp\/v2\/types\/post"}],"author":[{"embeddable":true,"href":"https:\/\/lahora.mx\/index.php\/wp-json\/wp\/v2\/users\/4"}],"replies":[{"embeddable":true,"href":"https:\/\/lahora.mx\/index.php\/wp-json\/wp\/v2\/comments?post=27927"}],"version-history":[{"count":1,"href":"https:\/\/lahora.mx\/index.php\/wp-json\/wp\/v2\/posts\/27927\/revisions"}],"predecessor-version":[{"id":27929,"href":"https:\/\/lahora.mx\/index.php\/wp-json\/wp\/v2\/posts\/27927\/revisions\/27929"}],"wp:featuredmedia":[{"embeddable":true,"href":"https:\/\/lahora.mx\/index.php\/wp-json\/wp\/v2\/media\/27928"}],"wp:attachment":[{"href":"https:\/\/lahora.mx\/index.php\/wp-json\/wp\/v2\/media?parent=27927"}],"wp:term":[{"taxonomy":"category","embeddable":true,"href":"https:\/\/lahora.mx\/index.php\/wp-json\/wp\/v2\/categories?post=27927"},{"taxonomy":"post_tag","embeddable":true,"href":"https:\/\/lahora.mx\/index.php\/wp-json\/wp\/v2\/tags?post=27927"}],"curies":[{"name":"wp","href":"https:\/\/api.w.org\/{rel}","templated":true}]}}