{"id":27924,"date":"2023-06-13T03:07:55","date_gmt":"2023-06-13T03:07:55","guid":{"rendered":"http:\/\/lahora.mx\/?p=27924"},"modified":"2023-06-13T03:07:55","modified_gmt":"2023-06-13T03:07:55","slug":"destacan-mejorias-en-los-ceresos-de-puebla","status":"publish","type":"post","link":"https:\/\/lahora.mx\/index.php\/2023\/06\/13\/destacan-mejorias-en-los-ceresos-de-puebla\/","title":{"rendered":"Destacan mejor\u00edas en los Ceresos de Puebla"},"content":{"rendered":"\n<p>El titular de la Secretar\u00eda de Seguridad P\u00fablica (SSP), Daniel Iv\u00e1n Cruz Luna, afirm\u00f3 que han sido atendidas las deficiencias en los centros de reinserci\u00f3n social de Puebla, aunque los avances no fueron registrados en el Diagn\u00f3stico Nacional de Supervisi\u00f3n Penitenciaria 2022 elaborado por la Comisi\u00f3n Nacional de Derechos Humanos (CNDH).<\/p>\n\n\n\n<p>\u201cSe hicieron acciones muy contundentes el a\u00f1o pasado, relacionadas con el tema que denominan algunos como autogobierno, que no podemos compartir esa definici\u00f3n por lo que implica, pero s\u00ed algunos cotos de poder que fuimos relacionando, identificando a estas personas\u201d, indic\u00f3.<\/p>\n\n\n\n<p>Durante la conferencia de prensa del gobernador Sergio Salom\u00f3n C\u00e9spedes Peregrina, dijo que las c\u00e1rceles poblanas tendr\u00e1n mejores calificaciones en el estudio que se dar\u00e1 a conocer el siguiente a\u00f1o.<\/p>\n\n\n\n<p>\u201cSe logr\u00f3 la demolici\u00f3n del mal llamado \u00b4pueblito\u00b4, en el cual hab\u00eda 104 espacios destinados a otro tipo de actividades. Se est\u00e1n generando las condiciones en la rehabilitaci\u00f3n de los centros penitenciarios para abatir el hacinamiento, se est\u00e1n haciendo mejoras en cuanto a la atenci\u00f3n m\u00e9dica\u201d, declar\u00f3.<\/p>\n\n\n\n<p>Cruz Luna tambi\u00e9n resalt\u00f3 que el Gobierno de Puebla ha utilizado el convenio con la federaci\u00f3n para trasladar a personas privadas de la libertad a otros estados.<\/p>\n\n\n\n<p>Por lo anterior, el secretario de Seguridad P\u00fablica consider\u00f3 que muchas observaciones hechas a los 16 centros de reinserci\u00f3n social de la entidad, ya fueron atendidas por las autoridades en el segundo semestre del a\u00f1o pasado.<\/p>\n","protected":false},"excerpt":{"rendered":"<p>El titular de la Secretar\u00eda de Seguridad P\u00fablica (SSP), Daniel Iv\u00e1n Cruz Luna, afirm\u00f3 que han sido atendidas las deficiencias en los centros de reinserci\u00f3n social de Puebla, aunque los avances no fueron registrados en el Diagn\u00f3stico Nacional de Supervisi\u00f3n Penitenciaria 2022 elaborado por la Comisi\u00f3n Nacional de Derechos Humanos (CNDH). \u201cSe hicieron acciones muy [&hellip;]<\/p>\n","protected":false},"author":4,"featured_media":27925,"comment_status":"open","ping_status":"open","sticky":false,"template":"","format":"standard","meta":{"om_disable_all_campaigns":false,"_monsterinsights_skip_tracking":false,"_monsterinsights_sitenote_active":false,"_monsterinsights_sitenote_note":"","_monsterinsights_sitenote_category":0,"footnotes":""},"categories":[175],"tags":[223],"class_list":["post-27924","post","type-post","status-publish","format-standard","has-post-thumbnail","hentry","category-local","tag-puebla"],"amp_enabled":true,"_links":{"self":[{"href":"https:\/\/lahora.mx\/index.php\/wp-json\/wp\/v2\/posts\/27924","targetHints":{"allow":["GET"]}}],"collection":[{"href":"https:\/\/lahora.mx\/index.php\/wp-json\/wp\/v2\/posts"}],"about":[{"href":"https:\/\/lahora.mx\/index.php\/wp-json\/wp\/v2\/types\/post"}],"author":[{"embeddable":true,"href":"https:\/\/lahora.mx\/index.php\/wp-json\/wp\/v2\/users\/4"}],"replies":[{"embeddable":true,"href":"https:\/\/lahora.mx\/index.php\/wp-json\/wp\/v2\/comments?post=27924"}],"version-history":[{"count":1,"href":"https:\/\/lahora.mx\/index.php\/wp-json\/wp\/v2\/posts\/27924\/revisions"}],"predecessor-version":[{"id":27926,"href":"https:\/\/lahora.mx\/index.php\/wp-json\/wp\/v2\/posts\/27924\/revisions\/27926"}],"wp:featuredmedia":[{"embeddable":true,"href":"https:\/\/lahora.mx\/index.php\/wp-json\/wp\/v2\/media\/27925"}],"wp:attachment":[{"href":"https:\/\/lahora.mx\/index.php\/wp-json\/wp\/v2\/media?parent=27924"}],"wp:term":[{"taxonomy":"category","embeddable":true,"href":"https:\/\/lahora.mx\/index.php\/wp-json\/wp\/v2\/categories?post=27924"},{"taxonomy":"post_tag","embeddable":true,"href":"https:\/\/lahora.mx\/index.php\/wp-json\/wp\/v2\/tags?post=27924"}],"curies":[{"name":"wp","href":"https:\/\/api.w.org\/{rel}","templated":true}]}}