{"id":27921,"date":"2023-06-13T01:26:54","date_gmt":"2023-06-13T01:26:54","guid":{"rendered":"http:\/\/lahora.mx\/?p=27921"},"modified":"2023-06-13T01:26:55","modified_gmt":"2023-06-13T01:26:55","slug":"gestiona-el-gobernador-sergio-salomon-ante-cfe-internet-para-municipios-de-puebla","status":"publish","type":"post","link":"https:\/\/lahora.mx\/index.php\/2023\/06\/13\/gestiona-el-gobernador-sergio-salomon-ante-cfe-internet-para-municipios-de-puebla\/","title":{"rendered":"Gestiona el gobernador Sergio Salom\u00f3n ante CFE internet para municipios de Puebla"},"content":{"rendered":"\n<p>El gobernador, Sergio Salom\u00f3n C\u00e9spedes Peregrina, anunci\u00f3 que su administraci\u00f3n inici\u00f3 gestiones con el gobierno federal para lograr la cobertura total de internet en los municipios del estado de Puebla.<\/p>\n\n\n\n<p>Durante la entrega de apoyos para productores de sorgo y de apoyos a familias en Huehuetl\u00e1n El Chico, el mandatario dijo que fue uno de los temas que habl\u00f3 con el presidente Andr\u00e9s Manuel L\u00f3pez Obrador, en el evento que tuvieron el domingo en Huauchinango.<\/p>\n\n\n\n<p>\u201cUno de los compromisos m\u00e1s importantes que ayer (domingo) pudimos acordar con el presidente de la rep\u00fablica y con don Manuel Bartlett (director general de la Comisi\u00f3n Federal de Electricidad), en d\u00edas pasados, es que tenemos que llevar la cobertura total del internet, y les puse como prioridad la Mixteca poblana\u201d.<\/p>\n\n\n\n<p>Agreg\u00f3 que el secretario de Gobernaci\u00f3n estatal, Julio Huerta G\u00f3mez, se comunicar\u00e1 con los presidentes municipales para saber en qu\u00e9 demarcaciones no hay servicio.<\/p>\n\n\n\n<p>\u201cQue revise todas las regiones donde no tenemos internet para que podamos pasar la lista y buscar que con eso podamos estar conectados, aunque sea a distancia, con nuestros paisanos que est\u00e1n en Estados Unidos\u201d.<\/p>\n\n\n\n<p>Sergio Salom\u00f3n C\u00e9spedes Peregrina resalt\u00f3 la importancia de que los municipios se encuentren comunicados a trav\u00e9s de este servicio que ya ofrece la CFE.<\/p>\n\n\n\n<p>En la Mixteca poblana el titular del Poder Ejecutivo Estatal tambi\u00e9n inaugur\u00f3 la reconstrucci\u00f3n de pavimento y de carretera, adem\u00e1s de la construcci\u00f3n de un techado escolar en Iz\u00facar de Matamoros.<\/p>\n","protected":false},"excerpt":{"rendered":"<p>El gobernador, Sergio Salom\u00f3n C\u00e9spedes Peregrina, anunci\u00f3 que su administraci\u00f3n inici\u00f3 gestiones con el gobierno federal para lograr la cobertura total de internet en los municipios del estado de Puebla. Durante la entrega de apoyos para productores de sorgo y de apoyos a familias en Huehuetl\u00e1n El Chico, el mandatario dijo que fue uno de [&hellip;]<\/p>\n","protected":false},"author":4,"featured_media":27922,"comment_status":"open","ping_status":"open","sticky":false,"template":"","format":"standard","meta":{"om_disable_all_campaigns":false,"_monsterinsights_skip_tracking":false,"_monsterinsights_sitenote_active":false,"_monsterinsights_sitenote_note":"","_monsterinsights_sitenote_category":0,"footnotes":""},"categories":[175],"tags":[223],"class_list":["post-27921","post","type-post","status-publish","format-standard","has-post-thumbnail","hentry","category-local","tag-puebla"],"amp_enabled":true,"_links":{"self":[{"href":"https:\/\/lahora.mx\/index.php\/wp-json\/wp\/v2\/posts\/27921","targetHints":{"allow":["GET"]}}],"collection":[{"href":"https:\/\/lahora.mx\/index.php\/wp-json\/wp\/v2\/posts"}],"about":[{"href":"https:\/\/lahora.mx\/index.php\/wp-json\/wp\/v2\/types\/post"}],"author":[{"embeddable":true,"href":"https:\/\/lahora.mx\/index.php\/wp-json\/wp\/v2\/users\/4"}],"replies":[{"embeddable":true,"href":"https:\/\/lahora.mx\/index.php\/wp-json\/wp\/v2\/comments?post=27921"}],"version-history":[{"count":1,"href":"https:\/\/lahora.mx\/index.php\/wp-json\/wp\/v2\/posts\/27921\/revisions"}],"predecessor-version":[{"id":27923,"href":"https:\/\/lahora.mx\/index.php\/wp-json\/wp\/v2\/posts\/27921\/revisions\/27923"}],"wp:featuredmedia":[{"embeddable":true,"href":"https:\/\/lahora.mx\/index.php\/wp-json\/wp\/v2\/media\/27922"}],"wp:attachment":[{"href":"https:\/\/lahora.mx\/index.php\/wp-json\/wp\/v2\/media?parent=27921"}],"wp:term":[{"taxonomy":"category","embeddable":true,"href":"https:\/\/lahora.mx\/index.php\/wp-json\/wp\/v2\/categories?post=27921"},{"taxonomy":"post_tag","embeddable":true,"href":"https:\/\/lahora.mx\/index.php\/wp-json\/wp\/v2\/tags?post=27921"}],"curies":[{"name":"wp","href":"https:\/\/api.w.org\/{rel}","templated":true}]}}