{"id":27897,"date":"2023-06-12T22:41:36","date_gmt":"2023-06-12T22:41:36","guid":{"rendered":"http:\/\/lahora.mx\/?p=27897"},"modified":"2023-06-12T22:41:36","modified_gmt":"2023-06-12T22:41:36","slug":"ayuntamiento-de-puebla-invita-a-disfrutar-de-un-gran-paseo-muy-padre","status":"publish","type":"post","link":"https:\/\/lahora.mx\/index.php\/2023\/06\/12\/ayuntamiento-de-puebla-invita-a-disfrutar-de-un-gran-paseo-muy-padre\/","title":{"rendered":"Ayuntamiento de Puebla invita a disfrutar de un \u00abGran paseo muy Padre\u00bb"},"content":{"rendered":"\n<p>El Ayuntamiento de Puebla -que preside Eduardo Rivera P\u00e9rez- ha preparado una agenda especial de actividades deportivas y de recreaci\u00f3n para que toda la familia salga a celebrar este domingo 18 de junio.<\/p>\n\n\n\n<figure class=\"wp-block-image size-full\"><img fetchpriority=\"high\" decoding=\"async\" width=\"429\" height=\"469\" src=\"https:\/\/lahora.mx\/wp-content\/uploads\/2023\/06\/Captura-de-pantalla-2023-06-12-a-las-16.41.42.png\" alt=\"\" class=\"wp-image-27898\" srcset=\"https:\/\/lahora.mx\/wp-content\/uploads\/2023\/06\/Captura-de-pantalla-2023-06-12-a-las-16.41.42.png 429w, https:\/\/lahora.mx\/wp-content\/uploads\/2023\/06\/Captura-de-pantalla-2023-06-12-a-las-16.41.42-274x300.png 274w\" sizes=\"(max-width: 429px) 100vw, 429px\" \/><\/figure>\n\n\n\n<p>Se trata del &#8216;Gran Paseo Muy Padre\u2019, donde la ciudadan\u00eda podr\u00e1 correr, caminar, pasear a su mascota, andar en bicicleta o patines, en el tradicional recorrido de la Fuente de los Frailes al Z\u00f3calo hasta el Parque Ecol\u00f3gico, trayecto en el cual podr\u00e1n encontrar sorpresas enfocadas a festejar a los pap\u00e1s en su d\u00eda, como la exhibici\u00f3n de autos \u2018Iron Hertz\u2019, a cargo del Club de Autos Cl\u00e1sicos, en la Avenida Ju\u00e1rez y 13 Sur; o de la exposici\u00f3n de PlayMobil, a cargo de Playmo Amigos, en el Z\u00f3calo de la ciudad.<\/p>\n\n\n\n<p>\u2018Gran Paseo Muy Padre\u2019 es una iniciativa que, de acuerdo con Liliana Ortiz P\u00e9rez, Presidenta del Patronato del Sistema Municipal DIF (SMDIF), surge para fomentar la integraci\u00f3n familiar, especialmente del rol paterno, debido a que este \u2013con base en los resultados del Tamizaje de Riesgos\u2014 tiene un gran impacto en el desarrollo psicol\u00f3gico de la infancia poblana, por lo que ser\u00e1 una gran oportunidad para celebrar a los pap\u00e1s y resaltar su papel en la crianza responsable.<\/p>\n\n\n\n<figure class=\"wp-block-image size-full\"><img decoding=\"async\" width=\"708\" height=\"464\" src=\"https:\/\/lahora.mx\/wp-content\/uploads\/2023\/06\/Captura-de-pantalla-2023-06-12-a-las-16.41.36.png\" alt=\"\" class=\"wp-image-27899\" srcset=\"https:\/\/lahora.mx\/wp-content\/uploads\/2023\/06\/Captura-de-pantalla-2023-06-12-a-las-16.41.36.png 708w, https:\/\/lahora.mx\/wp-content\/uploads\/2023\/06\/Captura-de-pantalla-2023-06-12-a-las-16.41.36-300x197.png 300w\" sizes=\"(max-width: 708px) 100vw, 708px\" \/><\/figure>\n\n\n\n<p>Por su parte, Carolina Morales Garc\u00eda, Directora General del SMDIF, detall\u00f3 que, aunado a las actividades normales de \u2018Gran Paseo\u2019, a partir de las 9:00 y hasta las 12:00 hora las y los asistentes podr\u00e1n disfrutar en el Z\u00f3calo de la ciudad de din\u00e1micas como una exhibici\u00f3n de capoeira, un concurso de dominadas, un festival de activaci\u00f3n f\u00edsica musicalizada, as\u00ed como de servicios de corte de cabello y fisioterapia.<\/p>\n\n\n\n<p>A la presentaci\u00f3n de estas actividades para celebrar a los pap\u00e1s de Puebla tambi\u00e9n asisti\u00f3 Manuel de Jes\u00fas Valenzuela Valenzuela, Director Comercial de Marketing de Pericos de Puebla \u2013orgulloso patrocinador, al igual que Telcel, Veana y Farmacias Fleming\u2014; Juan Porras Mart\u00ednez, Representante del Instituto Municipal del Deporte; H\u00e9ctor Francisco P\u00e9rez Osorno, Representante de Playmo Amigos Puebla; Omar Castel\u00e1n Dolores, Representante del Club de Autos Cl\u00e1sicos de Puebla.<\/p>\n","protected":false},"excerpt":{"rendered":"<p>El Ayuntamiento de Puebla -que preside Eduardo Rivera P\u00e9rez- ha preparado una agenda especial de actividades deportivas y de recreaci\u00f3n para que toda la familia salga a celebrar este domingo 18 de junio. Se trata del &#8216;Gran Paseo Muy Padre\u2019, donde la ciudadan\u00eda podr\u00e1 correr, caminar, pasear a su mascota, andar en bicicleta o patines, [&hellip;]<\/p>\n","protected":false},"author":4,"featured_media":27900,"comment_status":"open","ping_status":"open","sticky":false,"template":"","format":"standard","meta":{"om_disable_all_campaigns":false,"_monsterinsights_skip_tracking":false,"_monsterinsights_sitenote_active":false,"_monsterinsights_sitenote_note":"","_monsterinsights_sitenote_category":0,"footnotes":""},"categories":[175],"tags":[195,223],"class_list":["post-27897","post","type-post","status-publish","format-standard","has-post-thumbnail","hentry","category-local","tag-principal","tag-puebla"],"amp_enabled":true,"_links":{"self":[{"href":"https:\/\/lahora.mx\/index.php\/wp-json\/wp\/v2\/posts\/27897","targetHints":{"allow":["GET"]}}],"collection":[{"href":"https:\/\/lahora.mx\/index.php\/wp-json\/wp\/v2\/posts"}],"about":[{"href":"https:\/\/lahora.mx\/index.php\/wp-json\/wp\/v2\/types\/post"}],"author":[{"embeddable":true,"href":"https:\/\/lahora.mx\/index.php\/wp-json\/wp\/v2\/users\/4"}],"replies":[{"embeddable":true,"href":"https:\/\/lahora.mx\/index.php\/wp-json\/wp\/v2\/comments?post=27897"}],"version-history":[{"count":1,"href":"https:\/\/lahora.mx\/index.php\/wp-json\/wp\/v2\/posts\/27897\/revisions"}],"predecessor-version":[{"id":27901,"href":"https:\/\/lahora.mx\/index.php\/wp-json\/wp\/v2\/posts\/27897\/revisions\/27901"}],"wp:featuredmedia":[{"embeddable":true,"href":"https:\/\/lahora.mx\/index.php\/wp-json\/wp\/v2\/media\/27900"}],"wp:attachment":[{"href":"https:\/\/lahora.mx\/index.php\/wp-json\/wp\/v2\/media?parent=27897"}],"wp:term":[{"taxonomy":"category","embeddable":true,"href":"https:\/\/lahora.mx\/index.php\/wp-json\/wp\/v2\/categories?post=27897"},{"taxonomy":"post_tag","embeddable":true,"href":"https:\/\/lahora.mx\/index.php\/wp-json\/wp\/v2\/tags?post=27897"}],"curies":[{"name":"wp","href":"https:\/\/api.w.org\/{rel}","templated":true}]}}