{"id":27876,"date":"2023-06-12T22:01:58","date_gmt":"2023-06-12T22:01:58","guid":{"rendered":"http:\/\/lahora.mx\/?p=27876"},"modified":"2023-06-12T22:01:59","modified_gmt":"2023-06-12T22:01:59","slug":"batean-a-xochitl-galvez-en-la-mananera","status":"publish","type":"post","link":"https:\/\/lahora.mx\/index.php\/2023\/06\/12\/batean-a-xochitl-galvez-en-la-mananera\/","title":{"rendered":"&#8216;Batean&#8217; a X\u00f3chitl G\u00e1lvez en la &#8216;ma\u00f1anera&#8217;"},"content":{"rendered":"\n<p>La senadora X\u00f3chitl G\u00e1lvez lleg\u00f3 a Palacio Nacional para buscar ingresar a la ma\u00f1anera del presidente Andr\u00e9s Manuel L\u00f3pez Obrador de este lunes 12 de junio, a fin de ejercer su derecho de r\u00e9plica; sin embargo, no pudo ingresar.<\/p>\n\n\n\n<p>Con la resoluci\u00f3n del juez en la mano, la legisladora asegur\u00f3 que su intenci\u00f3n no era ning\u00fan espect\u00e1culo o show, sino ejercer su derecho de r\u00e9plica como lo se le reconoci\u00f3 en la ley y entre simpatizantes de ella y del mandatario, quienes la increparon, se abri\u00f3 paso hasta llegar al recinto, al cual no pudo entrar.<\/p>\n\n\n\n<p>\u201cLamentablemente tendr\u00e9 que dejar para otro d\u00eda lo que ten\u00eda que decirle al primer mandatario. Tenga la certeza de que aunque no le guste y quiera complicar las cosas seguir\u00e9 luchando hasta que se reconozca nuestro derecho de r\u00e9plica, no se trata de mi derecho, sino el derecho de todos, la ley s\u00ed es la ley\u201d, dijo con un altavoz ante el rechazo para ingresar a la conferencia.<br>X\u00f3chitl G\u00e1lvez toca una de las puertas de Palacio Nacional para ingresar a la ma\u00f1anera. <br>La legisladora asegur\u00f3 que la Presidencia no present\u00f3 ning\u00fan recurso en contra de la resoluci\u00f3n a su favor en la que se reconoc\u00eda el derecho de r\u00e9plica en la conferencia y rechaz\u00f3 hacerlo a trav\u00e9s de otro medio como se lo recomend\u00f3 el presidente L\u00f3pez Obrador.<\/p>\n\n\n\n<p>\u201cEl derecho de r\u00e9plica se ejerce en el mismo lugar, no se ejerce en ning\u00fan medio distinto y ese derecho lo tengo\u201d, dijo la senadora panista ante medios e incluso mand\u00f3 un mensaje al presidente en el que lo llam\u00f3 a que acate la resoluci\u00f3n, ya que \u201cno es ning\u00fan espect\u00e1culo, la ley es la ley\u201d.<\/p>\n\n\n\n<p>La legisladora dijo que si le negaban el acceso se le notificar\u00eda al juez y habr\u00e1 un incidente de que no se acat\u00f3 la resoluci\u00f3n.<br>L\u00f3pez Obrador niega acceso a X\u00f3chitl G\u00e1lvez a la ma\u00f1anera<br>En su conferencia del viernes el presidente L\u00f3pez Obrador dijo que se reservar\u00edan el derecho de admisi\u00f3n luego de conocer la resoluci\u00f3n a favor de la senadora X\u00f3chitl G\u00e1lvez sobre su derecho de r\u00e9plica, al se\u00f1alar que las conferencias matutinas son para informar a la poblaci\u00f3n.<\/p>\n\n\n\n<p>\u201cQue no venga aqu\u00ed, a querer utilizar este foro que es para informar, que es para comunicar a la gente. Ya ser\u00eda el colmo, \u00bfNo? Que nosotros le hici\u00e9ramos la campa\u00f1a a los conservadores\u00bb, dijo L\u00f3pez Obrado<\/p>\n\n\n\n<p>Por ello, le recomend\u00f3 a la senadora y a la oposici\u00f3n que organicen sus propias ma\u00f1aneras.<\/p>\n","protected":false},"excerpt":{"rendered":"<p>La senadora X\u00f3chitl G\u00e1lvez lleg\u00f3 a Palacio Nacional para buscar ingresar a la ma\u00f1anera del presidente Andr\u00e9s Manuel L\u00f3pez Obrador de este lunes 12 de junio, a fin de ejercer su derecho de r\u00e9plica; sin embargo, no pudo ingresar. Con la resoluci\u00f3n del juez en la mano, la legisladora asegur\u00f3 que su intenci\u00f3n no era [&hellip;]<\/p>\n","protected":false},"author":4,"featured_media":27877,"comment_status":"open","ping_status":"open","sticky":false,"template":"","format":"standard","meta":{"om_disable_all_campaigns":false,"_monsterinsights_skip_tracking":false,"_monsterinsights_sitenote_active":false,"_monsterinsights_sitenote_note":"","_monsterinsights_sitenote_category":0,"footnotes":""},"categories":[175],"tags":[],"class_list":["post-27876","post","type-post","status-publish","format-standard","has-post-thumbnail","hentry","category-local"],"amp_enabled":true,"_links":{"self":[{"href":"https:\/\/lahora.mx\/index.php\/wp-json\/wp\/v2\/posts\/27876","targetHints":{"allow":["GET"]}}],"collection":[{"href":"https:\/\/lahora.mx\/index.php\/wp-json\/wp\/v2\/posts"}],"about":[{"href":"https:\/\/lahora.mx\/index.php\/wp-json\/wp\/v2\/types\/post"}],"author":[{"embeddable":true,"href":"https:\/\/lahora.mx\/index.php\/wp-json\/wp\/v2\/users\/4"}],"replies":[{"embeddable":true,"href":"https:\/\/lahora.mx\/index.php\/wp-json\/wp\/v2\/comments?post=27876"}],"version-history":[{"count":1,"href":"https:\/\/lahora.mx\/index.php\/wp-json\/wp\/v2\/posts\/27876\/revisions"}],"predecessor-version":[{"id":27878,"href":"https:\/\/lahora.mx\/index.php\/wp-json\/wp\/v2\/posts\/27876\/revisions\/27878"}],"wp:featuredmedia":[{"embeddable":true,"href":"https:\/\/lahora.mx\/index.php\/wp-json\/wp\/v2\/media\/27877"}],"wp:attachment":[{"href":"https:\/\/lahora.mx\/index.php\/wp-json\/wp\/v2\/media?parent=27876"}],"wp:term":[{"taxonomy":"category","embeddable":true,"href":"https:\/\/lahora.mx\/index.php\/wp-json\/wp\/v2\/categories?post=27876"},{"taxonomy":"post_tag","embeddable":true,"href":"https:\/\/lahora.mx\/index.php\/wp-json\/wp\/v2\/tags?post=27876"}],"curies":[{"name":"wp","href":"https:\/\/api.w.org\/{rel}","templated":true}]}}