{"id":27870,"date":"2023-06-12T21:49:47","date_gmt":"2023-06-12T21:49:47","guid":{"rendered":"http:\/\/lahora.mx\/?p=27870"},"modified":"2023-06-12T21:49:47","modified_gmt":"2023-06-12T21:49:47","slug":"el-gobernador-sergio-salomon-anuncia-decreto-para-prohibir-uso-de-barda-para-promocionarse-rumbo-al-2024","status":"publish","type":"post","link":"https:\/\/lahora.mx\/index.php\/2023\/06\/12\/el-gobernador-sergio-salomon-anuncia-decreto-para-prohibir-uso-de-barda-para-promocionarse-rumbo-al-2024\/","title":{"rendered":"El gobernador Sergio Salom\u00f3n, anuncia decreto para prohibir uso de barda para promocionarse rumbo al 2024"},"content":{"rendered":"\n<p>El gobernador Sergio Salom\u00f3n C\u00e9spedes asegur\u00f3 que todos los funcionarios deber\u00e1n seguir los acuerdos del Consejo Nacional de Morena cuando se dicte a nivel estatal para tener piso parejo, adem\u00e1s indic\u00f3 que se har\u00e1 un decreto para no usar el mobiliario estatal para promocionarse.<\/p>\n\n\n\n<p>En rueda de prensa C\u00e9spedes Peregrina explic\u00f3 que todos los servidores p\u00fablicos tendr\u00e1n que dejar de brindar apoyo, por lo menos los aspirantes a la presidencia en el periodo que se promocionar\u00e1n sin su cargo.<\/p>\n\n\n\n<p>Asimismo, mencion\u00f3 que es necesario esperar para dar a conocer las recomendaciones que se realizar\u00e1n al momento de seleccionar a los posibles candidatos a nivel estatal para la contienda electoral del otro a\u00f1o, pero tambi\u00e9n se buscar\u00e1 piso parejo.<\/p>\n\n\n\n<p>En cuanto al mobiliario y la promoci\u00f3n, C\u00e9spedes Peregrina mencion\u00f3 que se buscar\u00e1 un decreto para poder evitar que se utilice el mobiliario como bardas, o espacios p\u00fablicos para promocionarse.<\/p>\n","protected":false},"excerpt":{"rendered":"<p>El gobernador Sergio Salom\u00f3n C\u00e9spedes asegur\u00f3 que todos los funcionarios deber\u00e1n seguir los acuerdos del Consejo Nacional de Morena cuando se dicte a nivel estatal para tener piso parejo, adem\u00e1s indic\u00f3 que se har\u00e1 un decreto para no usar el mobiliario estatal para promocionarse. En rueda de prensa C\u00e9spedes Peregrina explic\u00f3 que todos los servidores [&hellip;]<\/p>\n","protected":false},"author":4,"featured_media":27871,"comment_status":"open","ping_status":"open","sticky":false,"template":"","format":"standard","meta":{"om_disable_all_campaigns":false,"_monsterinsights_skip_tracking":false,"_monsterinsights_sitenote_active":false,"_monsterinsights_sitenote_note":"","_monsterinsights_sitenote_category":0,"footnotes":""},"categories":[175],"tags":[195,223],"class_list":["post-27870","post","type-post","status-publish","format-standard","has-post-thumbnail","hentry","category-local","tag-principal","tag-puebla"],"amp_enabled":true,"_links":{"self":[{"href":"https:\/\/lahora.mx\/index.php\/wp-json\/wp\/v2\/posts\/27870","targetHints":{"allow":["GET"]}}],"collection":[{"href":"https:\/\/lahora.mx\/index.php\/wp-json\/wp\/v2\/posts"}],"about":[{"href":"https:\/\/lahora.mx\/index.php\/wp-json\/wp\/v2\/types\/post"}],"author":[{"embeddable":true,"href":"https:\/\/lahora.mx\/index.php\/wp-json\/wp\/v2\/users\/4"}],"replies":[{"embeddable":true,"href":"https:\/\/lahora.mx\/index.php\/wp-json\/wp\/v2\/comments?post=27870"}],"version-history":[{"count":1,"href":"https:\/\/lahora.mx\/index.php\/wp-json\/wp\/v2\/posts\/27870\/revisions"}],"predecessor-version":[{"id":27872,"href":"https:\/\/lahora.mx\/index.php\/wp-json\/wp\/v2\/posts\/27870\/revisions\/27872"}],"wp:featuredmedia":[{"embeddable":true,"href":"https:\/\/lahora.mx\/index.php\/wp-json\/wp\/v2\/media\/27871"}],"wp:attachment":[{"href":"https:\/\/lahora.mx\/index.php\/wp-json\/wp\/v2\/media?parent=27870"}],"wp:term":[{"taxonomy":"category","embeddable":true,"href":"https:\/\/lahora.mx\/index.php\/wp-json\/wp\/v2\/categories?post=27870"},{"taxonomy":"post_tag","embeddable":true,"href":"https:\/\/lahora.mx\/index.php\/wp-json\/wp\/v2\/tags?post=27870"}],"curies":[{"name":"wp","href":"https:\/\/api.w.org\/{rel}","templated":true}]}}