{"id":27863,"date":"2023-06-12T21:37:25","date_gmt":"2023-06-12T21:37:25","guid":{"rendered":"http:\/\/lahora.mx\/?p=27863"},"modified":"2023-06-12T21:37:25","modified_gmt":"2023-06-12T21:37:25","slug":"lopez-obrador-ya-tiene-los-sustitutos-a-los-titulares-de-la-sre-y-segob","status":"publish","type":"post","link":"https:\/\/lahora.mx\/index.php\/2023\/06\/12\/lopez-obrador-ya-tiene-los-sustitutos-a-los-titulares-de-la-sre-y-segob\/","title":{"rendered":"L\u00f3pez Obrador ya tiene los sustitutos a los titulares de la SRE y Segob"},"content":{"rendered":"\n<p>El presidente de M\u00e9xico, Andr\u00e9s Manuel L\u00f3pez Obrador se pronunci\u00f3 esta ma\u00f1ana sobre qui\u00e9nes sustituir\u00e1n a los titulares de las secretar\u00edas de Relaciones Exteriores (SRE) y Gobernaci\u00f3n (Segob) de cara a la pr\u00f3xima carrera presidencial de 2024.<\/p>\n\n\n\n<p>De acuerdo al mandatario ya se tienen a las personas que ocupar\u00e1n dichos cargos dentro del gobierno, sin embargo, no dio a conocer los nombres pues asegur\u00f3 que esperar\u00e1 el momento indicado para hacerlo.<\/p>\n\n\n\n<p>En el caso particular del canciller Marcelo Ebrard, el jefe del Ejecutivo anunci\u00f3 que esta semana se dar\u00e1 el nombramiento de la persona que ahora tomar\u00e1 las riendas de la pol\u00edtica exterior del pa\u00eds.<\/p>\n\n\n\n<p>Cabe se\u00f1alar que el tabasque\u00f1o tambi\u00e9n fue cuestionado sobre el actual secretario de Gobernaci\u00f3n, Ad\u00e1n Augusto L\u00f3pez, del cual estim\u00f3 esta semana est\u00e9 anunciando su renuncia al cargo que hasta el d\u00eda de hoy ostenta.<\/p>\n\n\n\n<p>Sobre esta dupla, L\u00f3pez Obrador explic\u00f3 que \u201cambos son buenos servidores p\u00fablicos\u201d, por lo que asegur\u00f3 ser\u00e1 una contienda pareja para todos, incluidos la jefa de Gobierno de la CDMX Claudia Sheinbaum, el senador Ricardo Monreal, as\u00ed como a los aspirantes del Partido del Trabajo (PT) y el Partido Verde Ecologista de M\u00e9xico (PVEM).<\/p>\n\n\n\n<p>\u00bfC\u00f3mo se elegir\u00e1 al candidato presidencial de Morena?<br>Morena anunci\u00f3 que ser\u00e1 mediante una encuesta interna como defina a la o el coordinador de la Defensa de la Cuarta Transformaci\u00f3n, que en los hechos se convertir\u00e1 en su candidato presidencial para 2024.<br>A partir de hoy, y hasta el viernes 16 de junio, las \u00abcorcholatas\u00bb podr\u00e1n registrar ante la Comisi\u00f3n de Elecciones del partido sus intenciones de contender, previa renuncia a cargos de gobierno.<\/p>\n","protected":false},"excerpt":{"rendered":"<p>El presidente de M\u00e9xico, Andr\u00e9s Manuel L\u00f3pez Obrador se pronunci\u00f3 esta ma\u00f1ana sobre qui\u00e9nes sustituir\u00e1n a los titulares de las secretar\u00edas de Relaciones Exteriores (SRE) y Gobernaci\u00f3n (Segob) de cara a la pr\u00f3xima carrera presidencial de 2024. De acuerdo al mandatario ya se tienen a las personas que ocupar\u00e1n dichos cargos dentro del gobierno, sin [&hellip;]<\/p>\n","protected":false},"author":4,"featured_media":27864,"comment_status":"open","ping_status":"open","sticky":false,"template":"","format":"standard","meta":{"om_disable_all_campaigns":false,"_monsterinsights_skip_tracking":false,"_monsterinsights_sitenote_active":false,"_monsterinsights_sitenote_note":"","_monsterinsights_sitenote_category":0,"footnotes":""},"categories":[175,176],"tags":[],"class_list":["post-27863","post","type-post","status-publish","format-standard","has-post-thumbnail","hentry","category-local","category-nacional"],"amp_enabled":true,"_links":{"self":[{"href":"https:\/\/lahora.mx\/index.php\/wp-json\/wp\/v2\/posts\/27863","targetHints":{"allow":["GET"]}}],"collection":[{"href":"https:\/\/lahora.mx\/index.php\/wp-json\/wp\/v2\/posts"}],"about":[{"href":"https:\/\/lahora.mx\/index.php\/wp-json\/wp\/v2\/types\/post"}],"author":[{"embeddable":true,"href":"https:\/\/lahora.mx\/index.php\/wp-json\/wp\/v2\/users\/4"}],"replies":[{"embeddable":true,"href":"https:\/\/lahora.mx\/index.php\/wp-json\/wp\/v2\/comments?post=27863"}],"version-history":[{"count":1,"href":"https:\/\/lahora.mx\/index.php\/wp-json\/wp\/v2\/posts\/27863\/revisions"}],"predecessor-version":[{"id":27865,"href":"https:\/\/lahora.mx\/index.php\/wp-json\/wp\/v2\/posts\/27863\/revisions\/27865"}],"wp:featuredmedia":[{"embeddable":true,"href":"https:\/\/lahora.mx\/index.php\/wp-json\/wp\/v2\/media\/27864"}],"wp:attachment":[{"href":"https:\/\/lahora.mx\/index.php\/wp-json\/wp\/v2\/media?parent=27863"}],"wp:term":[{"taxonomy":"category","embeddable":true,"href":"https:\/\/lahora.mx\/index.php\/wp-json\/wp\/v2\/categories?post=27863"},{"taxonomy":"post_tag","embeddable":true,"href":"https:\/\/lahora.mx\/index.php\/wp-json\/wp\/v2\/tags?post=27863"}],"curies":[{"name":"wp","href":"https:\/\/api.w.org\/{rel}","templated":true}]}}