{"id":27860,"date":"2023-06-12T21:33:13","date_gmt":"2023-06-12T21:33:13","guid":{"rendered":"http:\/\/lahora.mx\/?p=27860"},"modified":"2023-06-12T21:33:13","modified_gmt":"2023-06-12T21:33:13","slug":"amlo-anuncia-reunion-con-consejeros-del-ine-este-martes-en-palacio-nacional","status":"publish","type":"post","link":"https:\/\/lahora.mx\/index.php\/2023\/06\/12\/amlo-anuncia-reunion-con-consejeros-del-ine-este-martes-en-palacio-nacional\/","title":{"rendered":"AMLO anuncia reuni\u00f3n con consejeros del INE este martes en Palacio Nacional"},"content":{"rendered":"\n<p>A un a\u00f1o de la elecci\u00f3n presidencial, el presidente Andr\u00e9s Manuel L\u00f3pez Obrador se reunir\u00e1 ma\u00f1ana martes con los consejeros del Instituto Nacional Electoral (INE) en Palacio Nacional.<br>\u201c\u00bfLo del INE (cuando se reunir\u00e1 con los consejeros)?\u201d, se le pregunt\u00f3 al final de su conferencia de prensa.<\/p>\n\n\n\n<p>\u201cMa\u00f1ana\u201d, contest\u00f3 el Mandatario federal.<\/p>\n\n\n\n<p>Esta ser\u00e1 la primera reuni\u00f3n que el presidente L\u00f3pez Obrador tenga con los consejeros del Instituto Electoral en casi cinco a\u00f1os de gobierno.<\/p>\n\n\n\n<p><\/p>\n\n\n\n<p>La semana pasada, L\u00f3pez Obrador declar\u00f3 que podr\u00eda invitar a los consejeros del \u00f3rgano electoral, para reunirse con el prop\u00f3sito de que el INE actu\u00e9 con imparcialidad, garantice la democracia, que las elecciones sean limpias, que no haya fraudes electorales y \u201cque podamos iniciar una etapa nueva\u201d.<\/p>\n\n\n\n<p>\u201cHay la posibilidad de una reuni\u00f3n con los consejeros del INE en Palacio. Yo los voy a invitar, todo esto para intercambiar puntos de vista con el prop\u00f3sito que el INE act\u00fae con imparcialidad, que se garantice la democracia, que las elecciones sean limpias, sean libres, que no haya fraude electoral, que podamos iniciar una etapa nueva\u201d, dijo en su ma\u00f1anera del pasado jueves.<\/p>\n","protected":false},"excerpt":{"rendered":"<p>A un a\u00f1o de la elecci\u00f3n presidencial, el presidente Andr\u00e9s Manuel L\u00f3pez Obrador se reunir\u00e1 ma\u00f1ana martes con los consejeros del Instituto Nacional Electoral (INE) en Palacio Nacional.\u201c\u00bfLo del INE (cuando se reunir\u00e1 con los consejeros)?\u201d, se le pregunt\u00f3 al final de su conferencia de prensa. \u201cMa\u00f1ana\u201d, contest\u00f3 el Mandatario federal. Esta ser\u00e1 la primera [&hellip;]<\/p>\n","protected":false},"author":4,"featured_media":27861,"comment_status":"open","ping_status":"open","sticky":false,"template":"","format":"standard","meta":{"om_disable_all_campaigns":false,"_monsterinsights_skip_tracking":false,"_monsterinsights_sitenote_active":false,"_monsterinsights_sitenote_note":"","_monsterinsights_sitenote_category":0,"footnotes":""},"categories":[176],"tags":[],"class_list":["post-27860","post","type-post","status-publish","format-standard","has-post-thumbnail","hentry","category-nacional"],"amp_enabled":true,"_links":{"self":[{"href":"https:\/\/lahora.mx\/index.php\/wp-json\/wp\/v2\/posts\/27860","targetHints":{"allow":["GET"]}}],"collection":[{"href":"https:\/\/lahora.mx\/index.php\/wp-json\/wp\/v2\/posts"}],"about":[{"href":"https:\/\/lahora.mx\/index.php\/wp-json\/wp\/v2\/types\/post"}],"author":[{"embeddable":true,"href":"https:\/\/lahora.mx\/index.php\/wp-json\/wp\/v2\/users\/4"}],"replies":[{"embeddable":true,"href":"https:\/\/lahora.mx\/index.php\/wp-json\/wp\/v2\/comments?post=27860"}],"version-history":[{"count":1,"href":"https:\/\/lahora.mx\/index.php\/wp-json\/wp\/v2\/posts\/27860\/revisions"}],"predecessor-version":[{"id":27862,"href":"https:\/\/lahora.mx\/index.php\/wp-json\/wp\/v2\/posts\/27860\/revisions\/27862"}],"wp:featuredmedia":[{"embeddable":true,"href":"https:\/\/lahora.mx\/index.php\/wp-json\/wp\/v2\/media\/27861"}],"wp:attachment":[{"href":"https:\/\/lahora.mx\/index.php\/wp-json\/wp\/v2\/media?parent=27860"}],"wp:term":[{"taxonomy":"category","embeddable":true,"href":"https:\/\/lahora.mx\/index.php\/wp-json\/wp\/v2\/categories?post=27860"},{"taxonomy":"post_tag","embeddable":true,"href":"https:\/\/lahora.mx\/index.php\/wp-json\/wp\/v2\/tags?post=27860"}],"curies":[{"name":"wp","href":"https:\/\/api.w.org\/{rel}","templated":true}]}}