{"id":27839,"date":"2023-06-12T20:32:12","date_gmt":"2023-06-12T20:32:12","guid":{"rendered":"http:\/\/lahora.mx\/?p=27839"},"modified":"2023-06-12T20:32:12","modified_gmt":"2023-06-12T20:32:12","slug":"eu-dice-que-decision-sobre-calificacion-de-seguridad-aerea-de-mexico-es-independiente-de-la-politica","status":"publish","type":"post","link":"https:\/\/lahora.mx\/index.php\/2023\/06\/12\/eu-dice-que-decision-sobre-calificacion-de-seguridad-aerea-de-mexico-es-independiente-de-la-politica\/","title":{"rendered":"EU dice que decisi\u00f3n sobre calificaci\u00f3n de seguridad a\u00e9rea de M\u00e9xico es independiente de la pol\u00edtica"},"content":{"rendered":"\n<p>El secretario de Transporte de Estados Unidos, Pete Buttigieg, dijo este lunes que la semana pasada le explic\u00f3 al presidente Andr\u00e9s Manuel L\u00f3pez Obrador, que cualquier decisi\u00f3n de restablecer la calificaci\u00f3n de seguridad a\u00e9rea del pa\u00eds latinoamericano no se basar\u00eda en la pol\u00edtica.<\/p>\n\n\n\n<p>La Administraci\u00f3n Federal de Aviaci\u00f3n estadounidense (FAA, por su sigla en ingl\u00e9s) rebaj\u00f3 a M\u00e9xico a la Categor\u00eda 2 en mayo de 2021, citando deficiencias de seguridad y restringiendo la capacidad de las aerol\u00edneas locales para abrir nuevas rutas hacia y desde su vecino del norte.<\/p>\n\n\n\n<p>\u00abLa calificaci\u00f3n, como le enfatic\u00e9 al presidente, es una decisi\u00f3n de seguridad. Es independiente de cualquier consideraci\u00f3n econ\u00f3mica, comercial o pol\u00edtica\u00bb, dijo Buttigieg a Reuters, en declaraciones al margen de un evento en Washington.<\/p>\n","protected":false},"excerpt":{"rendered":"<p>El secretario de Transporte de Estados Unidos, Pete Buttigieg, dijo este lunes que la semana pasada le explic\u00f3 al presidente Andr\u00e9s Manuel L\u00f3pez Obrador, que cualquier decisi\u00f3n de restablecer la calificaci\u00f3n de seguridad a\u00e9rea del pa\u00eds latinoamericano no se basar\u00eda en la pol\u00edtica. La Administraci\u00f3n Federal de Aviaci\u00f3n estadounidense (FAA, por su sigla en ingl\u00e9s) [&hellip;]<\/p>\n","protected":false},"author":4,"featured_media":27840,"comment_status":"open","ping_status":"open","sticky":false,"template":"","format":"standard","meta":{"om_disable_all_campaigns":false,"_monsterinsights_skip_tracking":false,"_monsterinsights_sitenote_active":false,"_monsterinsights_sitenote_note":"","_monsterinsights_sitenote_category":0,"footnotes":""},"categories":[183],"tags":[],"class_list":["post-27839","post","type-post","status-publish","format-standard","has-post-thumbnail","hentry","category-internacional"],"amp_enabled":true,"_links":{"self":[{"href":"https:\/\/lahora.mx\/index.php\/wp-json\/wp\/v2\/posts\/27839","targetHints":{"allow":["GET"]}}],"collection":[{"href":"https:\/\/lahora.mx\/index.php\/wp-json\/wp\/v2\/posts"}],"about":[{"href":"https:\/\/lahora.mx\/index.php\/wp-json\/wp\/v2\/types\/post"}],"author":[{"embeddable":true,"href":"https:\/\/lahora.mx\/index.php\/wp-json\/wp\/v2\/users\/4"}],"replies":[{"embeddable":true,"href":"https:\/\/lahora.mx\/index.php\/wp-json\/wp\/v2\/comments?post=27839"}],"version-history":[{"count":1,"href":"https:\/\/lahora.mx\/index.php\/wp-json\/wp\/v2\/posts\/27839\/revisions"}],"predecessor-version":[{"id":27841,"href":"https:\/\/lahora.mx\/index.php\/wp-json\/wp\/v2\/posts\/27839\/revisions\/27841"}],"wp:featuredmedia":[{"embeddable":true,"href":"https:\/\/lahora.mx\/index.php\/wp-json\/wp\/v2\/media\/27840"}],"wp:attachment":[{"href":"https:\/\/lahora.mx\/index.php\/wp-json\/wp\/v2\/media?parent=27839"}],"wp:term":[{"taxonomy":"category","embeddable":true,"href":"https:\/\/lahora.mx\/index.php\/wp-json\/wp\/v2\/categories?post=27839"},{"taxonomy":"post_tag","embeddable":true,"href":"https:\/\/lahora.mx\/index.php\/wp-json\/wp\/v2\/tags?post=27839"}],"curies":[{"name":"wp","href":"https:\/\/api.w.org\/{rel}","templated":true}]}}