{"id":27829,"date":"2023-06-12T03:57:26","date_gmt":"2023-06-12T03:57:26","guid":{"rendered":"http:\/\/lahora.mx\/?p=27829"},"modified":"2023-06-12T03:57:27","modified_gmt":"2023-06-12T03:57:27","slug":"corcholatas-firman-acuerdo-por-la-unidad","status":"publish","type":"post","link":"https:\/\/lahora.mx\/index.php\/2023\/06\/12\/corcholatas-firman-acuerdo-por-la-unidad\/","title":{"rendered":"Corcholatas firman acuerdo por la unidad"},"content":{"rendered":"\n<p>Las cuatro corcholatas de Morena firmaron el acuerdo para que se emita la convocatoria para elegir al coordinador\/a de la Defensa de la Cuarta Transformaci\u00f3n rumbo a 2024.<br>El Consejo Nacional de Morena estableci\u00f3 que ser\u00e1n seis el n\u00famero de aspirantes que participar\u00e1n en la encuesta. Por parte de Morena ser\u00e1n la Jefa de Gobierno, Claudia Sheinbaum; el canciller Marcelo Ebrard; el secretario de Gobernaci\u00f3n, Ad\u00e1n Augusto y el senador, Ricardo Monreal.<\/p>\n\n\n\n<p>El Partido Verde y el Partido del Trabajo tambi\u00e9n podr\u00e1n proponer un perfil respectivamente, entre los que se han mencionado est\u00e1n el senador Manuel Velasco y el diputado Gerardo Fern\u00e1ndez Noro\u00f1a.<\/p>\n\n\n\n<p>Entre los principales acuerdos se encuentran que deben renunciar o solicitar licencia a sus cargos m\u00e1ximo el pr\u00f3ximo viernes 16 de junio.<\/p>\n\n\n\n<p>Ser\u00e1n cinco encuestas las que se apliquen para definir al abanderado presidencial.<\/p>\n\n\n\n<p>Morena har\u00e1 la primera, y habr\u00e1 otras cuatro encuestas espejo.<br>Cada aspirante propondr\u00e1 dos casas encuestadoras y de ah\u00ed se van a insacular a las cuatro que realizar\u00edan los ejercicios estad\u00edsticos espejo.<\/p>\n\n\n\n<p>Ninguna de ellas tendr\u00e1 mayor valor que otra, las cinco ser\u00e1n vinculantes y quien quede arriba en el mayor n\u00famero de encuestas ser\u00e1 el abanderado o abanderada presidencial.<\/p>\n\n\n\n<p>En un acto p\u00fablico, el mi\u00e9rcoles 6 de septiembre se dar\u00e1n a conocer al candidato o candidata presidecial.<\/p>\n\n\n\n<p>El dirigente nacional del partido, Mario Delgado, aclar\u00f3 que no se llevar\u00e1n a cabo debates entre los aspirantes.<\/p>\n","protected":false},"excerpt":{"rendered":"<p>Las cuatro corcholatas de Morena firmaron el acuerdo para que se emita la convocatoria para elegir al coordinador\/a de la Defensa de la Cuarta Transformaci\u00f3n rumbo a 2024.El Consejo Nacional de Morena estableci\u00f3 que ser\u00e1n seis el n\u00famero de aspirantes que participar\u00e1n en la encuesta. Por parte de Morena ser\u00e1n la Jefa de Gobierno, Claudia [&hellip;]<\/p>\n","protected":false},"author":4,"featured_media":27830,"comment_status":"open","ping_status":"open","sticky":false,"template":"","format":"standard","meta":{"om_disable_all_campaigns":false,"_monsterinsights_skip_tracking":false,"_monsterinsights_sitenote_active":false,"_monsterinsights_sitenote_note":"","_monsterinsights_sitenote_category":0,"footnotes":""},"categories":[176],"tags":[195],"class_list":["post-27829","post","type-post","status-publish","format-standard","has-post-thumbnail","hentry","category-nacional","tag-principal"],"amp_enabled":true,"_links":{"self":[{"href":"https:\/\/lahora.mx\/index.php\/wp-json\/wp\/v2\/posts\/27829","targetHints":{"allow":["GET"]}}],"collection":[{"href":"https:\/\/lahora.mx\/index.php\/wp-json\/wp\/v2\/posts"}],"about":[{"href":"https:\/\/lahora.mx\/index.php\/wp-json\/wp\/v2\/types\/post"}],"author":[{"embeddable":true,"href":"https:\/\/lahora.mx\/index.php\/wp-json\/wp\/v2\/users\/4"}],"replies":[{"embeddable":true,"href":"https:\/\/lahora.mx\/index.php\/wp-json\/wp\/v2\/comments?post=27829"}],"version-history":[{"count":1,"href":"https:\/\/lahora.mx\/index.php\/wp-json\/wp\/v2\/posts\/27829\/revisions"}],"predecessor-version":[{"id":27831,"href":"https:\/\/lahora.mx\/index.php\/wp-json\/wp\/v2\/posts\/27829\/revisions\/27831"}],"wp:featuredmedia":[{"embeddable":true,"href":"https:\/\/lahora.mx\/index.php\/wp-json\/wp\/v2\/media\/27830"}],"wp:attachment":[{"href":"https:\/\/lahora.mx\/index.php\/wp-json\/wp\/v2\/media?parent=27829"}],"wp:term":[{"taxonomy":"category","embeddable":true,"href":"https:\/\/lahora.mx\/index.php\/wp-json\/wp\/v2\/categories?post=27829"},{"taxonomy":"post_tag","embeddable":true,"href":"https:\/\/lahora.mx\/index.php\/wp-json\/wp\/v2\/tags?post=27829"}],"curies":[{"name":"wp","href":"https:\/\/api.w.org\/{rel}","templated":true}]}}