{"id":27820,"date":"2023-06-12T02:46:05","date_gmt":"2023-06-12T02:46:05","guid":{"rendered":"http:\/\/lahora.mx\/?p=27820"},"modified":"2023-06-12T02:46:06","modified_gmt":"2023-06-12T02:46:06","slug":"morena-dara-a-conocer-su-candidato-oficial-a-la-presidencia-el-6-de-septiembre","status":"publish","type":"post","link":"https:\/\/lahora.mx\/index.php\/2023\/06\/12\/morena-dara-a-conocer-su-candidato-oficial-a-la-presidencia-el-6-de-septiembre\/","title":{"rendered":"Morena dar\u00e1 a conocer su candidato oficial a la Presidencia el 6 de septiembre"},"content":{"rendered":"\n<p>Alfonso Durazo, gobernador de Sonora, tom\u00f3 la palabra en el Consejo Nacional de Morena y dio a conocer los puntos que se acordaron para la elecci\u00f3n del candidato del partido a la Presidencia de la Rep\u00fablica, mismo que se dar\u00e1 a conocer el pr\u00f3ximo mi\u00e9rcoles 6 de septiembre.<\/p>\n\n\n\n<p>Detall\u00f3 que los aspirantes de Morena a la candidatura a la Presidencia de la Rep\u00fablica deber\u00e1n renunciar a su cargo o puestos de representaci\u00f3n a m\u00e1s tardar el 16 de junio. Adem\u00e1s, deber\u00e1n presentar sus propuestas sobre las encuestadoras que llevar\u00e1n a cargo el proceso de elecci\u00f3n.<\/p>\n\n\n\n<p>Los aspirantes a la candidatura de Morena a la Presidencia podr\u00e1n iniciar sus recorridos por el pa\u00eds el pr\u00f3ximo lunes 19 de junio y deben suspenderlos a m\u00e1s tardar el domingo 27 de agosto.<\/p>\n\n\n\n<p>Mientras que los levantamientos de la encuesta para conocer al candidato presidencial de Morena deber\u00e1n llevarse a cabo del lunes 28 de agosto al domingo 3 de septiembre.<\/p>\n\n\n\n<p>L\u00f3pez Obrador no podr\u00e1 apoyar a una \u2018corcholata\u2019<br>El acuerdo de reglas para elegir Coordinaci\u00f3n de Defensa de la 4T impide al presidente de la Republica, gobernadores y otros funcionarios p\u00fablicos apoyar a las \u201ccorcholatas\u201d, entre otros rubros.<\/p>\n\n\n\n<p>A partir de este lunes y hasta el viernes 16 de junio la y los aspirantes tendr\u00e1n que registrarse ante la comisi\u00f3n de elecciones del partido, para participar en la encuesta que realizar\u00e1n cuatro empresas privadas y el comit\u00e9 de encuestas del partido en agosto\/septiembre.<\/p>\n\n\n\n<p>Las corcholatas sugerir\u00e1n dos empresas cada uno, pero ser\u00e1 la comisi\u00f3n de encuestas quien realice la metodolog\u00eda. La encuesta ser\u00e1 en urna y simulando una boleta con las im\u00e1genes de los aspirantes.<br>Se ordena a las corcholatas no debatir entre ellos, no participar en medios de comunicaci\u00f3n conservadores y ser austeros en sus gastos en publicidad.<\/p>\n","protected":false},"excerpt":{"rendered":"<p>Alfonso Durazo, gobernador de Sonora, tom\u00f3 la palabra en el Consejo Nacional de Morena y dio a conocer los puntos que se acordaron para la elecci\u00f3n del candidato del partido a la Presidencia de la Rep\u00fablica, mismo que se dar\u00e1 a conocer el pr\u00f3ximo mi\u00e9rcoles 6 de septiembre. Detall\u00f3 que los aspirantes de Morena a [&hellip;]<\/p>\n","protected":false},"author":4,"featured_media":27821,"comment_status":"open","ping_status":"open","sticky":false,"template":"","format":"standard","meta":{"om_disable_all_campaigns":false,"_monsterinsights_skip_tracking":false,"_monsterinsights_sitenote_active":false,"_monsterinsights_sitenote_note":"","_monsterinsights_sitenote_category":0,"footnotes":""},"categories":[176],"tags":[195],"class_list":["post-27820","post","type-post","status-publish","format-standard","has-post-thumbnail","hentry","category-nacional","tag-principal"],"amp_enabled":true,"_links":{"self":[{"href":"https:\/\/lahora.mx\/index.php\/wp-json\/wp\/v2\/posts\/27820","targetHints":{"allow":["GET"]}}],"collection":[{"href":"https:\/\/lahora.mx\/index.php\/wp-json\/wp\/v2\/posts"}],"about":[{"href":"https:\/\/lahora.mx\/index.php\/wp-json\/wp\/v2\/types\/post"}],"author":[{"embeddable":true,"href":"https:\/\/lahora.mx\/index.php\/wp-json\/wp\/v2\/users\/4"}],"replies":[{"embeddable":true,"href":"https:\/\/lahora.mx\/index.php\/wp-json\/wp\/v2\/comments?post=27820"}],"version-history":[{"count":1,"href":"https:\/\/lahora.mx\/index.php\/wp-json\/wp\/v2\/posts\/27820\/revisions"}],"predecessor-version":[{"id":27822,"href":"https:\/\/lahora.mx\/index.php\/wp-json\/wp\/v2\/posts\/27820\/revisions\/27822"}],"wp:featuredmedia":[{"embeddable":true,"href":"https:\/\/lahora.mx\/index.php\/wp-json\/wp\/v2\/media\/27821"}],"wp:attachment":[{"href":"https:\/\/lahora.mx\/index.php\/wp-json\/wp\/v2\/media?parent=27820"}],"wp:term":[{"taxonomy":"category","embeddable":true,"href":"https:\/\/lahora.mx\/index.php\/wp-json\/wp\/v2\/categories?post=27820"},{"taxonomy":"post_tag","embeddable":true,"href":"https:\/\/lahora.mx\/index.php\/wp-json\/wp\/v2\/tags?post=27820"}],"curies":[{"name":"wp","href":"https:\/\/api.w.org\/{rel}","templated":true}]}}