{"id":27817,"date":"2023-06-11T22:41:13","date_gmt":"2023-06-11T22:41:13","guid":{"rendered":"http:\/\/lahora.mx\/?p=27817"},"modified":"2023-06-11T22:41:13","modified_gmt":"2023-06-11T22:41:13","slug":"en-mi-gobierno-se-termino-la-robadera-del-pasado","status":"publish","type":"post","link":"https:\/\/lahora.mx\/index.php\/2023\/06\/11\/en-mi-gobierno-se-termino-la-robadera-del-pasado\/","title":{"rendered":"En mi gobierno se termin\u00f3 la robadera del pasado"},"content":{"rendered":"\n<p>El presidente de la Rep\u00fablica, Andr\u00e9s Manuel L\u00f3pez Obrador, refiri\u00f3 convencido que su gobierno logr\u00f3 erradicar \u201cla robadera\u201d, refiri\u00e9ndose a la corrupci\u00f3n en las finanzas p\u00fablicas. Adem\u00e1s, y a poco m\u00e1s de un a\u00f1o de concluir su mandato, el titular del Ejecutivo federal garantiz\u00f3 la continuidad de sus programas sociales para los a\u00f1os venideros.<\/p>\n\n\n\n<p>En su visita al municipio de Huauchinango, Puebla, el presidente L\u00f3pez Obrador se\u00f1al\u00f3 que su administraci\u00f3n ya no representa los intereses de una minor\u00eda a la que denomin\u00f3 \u201cla oligarqu\u00eda\u201d, pues dijo que ahora los recursos p\u00fablicos son empleados para impulsar programas sociales.<\/p>\n\n\n\n<p>Lo anterior, al encabezar una visita de evaluaci\u00f3n de los programas sociales de la Secretar\u00eda de Bienestar.<br>\u201c[Se debe] desterrar la corrupci\u00f3n, esa es la clave, M\u00e9xico lo tiene todo, hay de todo, pero se lo clavaban todo. Ahora, como el presupuesto es para el pueblo, como el pueblo est\u00e1 empoderado, ya no es el gobierno de los de arriba, la oligarqu\u00eda, es una aut\u00e9ntica democracia, pueblo para el pueblo\u201d, expuso el mandatario federal.<\/p>\n\n\n\n<p>Aunado a lo anterior, L\u00f3pez Obrador se comprometi\u00f3 a mejorar los servicios de salud en todo el pa\u00eds antes de la sucesi\u00f3n del poder p\u00fablico en 2024.<\/p>\n\n\n\n<p>Defendi\u00f3 que su estrategia de ampliar la cobertura de los servicios de IMSS-Bienestar permitir\u00e1 que los centros de salud y hospitales p\u00fablicos mejoren su atenci\u00f3n a la ciudadan\u00eda.<\/p>\n\n\n\n<p>En Puebla, AMLO garantiza continuidad de programas sociales. Foto: Erik Guzm\u00e1n | El Sol de Puebla<br>No obstante, reconoci\u00f3 que el gobierno mexicano se enfrenta a una escasez de profesionales m\u00e9dicos, seg\u00fan \u00e9l, debido a que en a\u00f1os pasados no se permit\u00eda que todos los aspirantes a las carreras relacionadas a la salud obtuvieran un lugar en alguna universidad p\u00fablica.<\/p>\n\n\n\n<p>Derivado de esa situaci\u00f3n, asegur\u00f3, el Estado mexicano se vio en la necesidad de contratar galenos de otros pa\u00edses, como Cuba.<\/p>\n\n\n\n<p>En ese sentido, el mandatario federal adelant\u00f3 que su gobierno aumentar\u00e1 las becas para m\u00e9dicos generales que buscan especializarse, y precis\u00f3 que se contratar\u00e1n m\u00e9dicos ya jubilados del Instituto Mexicano del Seguro Social (IMSS) para que trabajen en otros centros de salud p\u00fablica.<\/p>\n\n\n\n<p>Por otro lado, el presidente defendi\u00f3 el \u00e9xito de otros programas, como el de Sembrando Vida y Tandas para el Bienestar, los cuales son administrados por la Secretar\u00eda de Bienestar federal.<\/p>\n\n\n\n<p>A prop\u00f3sito, mencion\u00f3 que en la entidad se emplean 16 mil personas en Sembrando Vida. Por otro lado, el segundo programa ofrece amplias opciones crediticias para la poblaci\u00f3n, mismas que no requieren el pago de intereses.<\/p>\n\n\n\n<p>Adem\u00e1s, se\u00f1al\u00f3 que en la entidad poblana se tiene proyectado poner en marcha 230 sucursales del Banco del Bienestar para finales de 2024. Actualmente, precis\u00f3, hay 130 sucursales ya funcionando.<\/p>\n\n\n\n<p>Piden a gobernadores de Morena &#8216;neutralidad&#8217; en gira de aspirantes presidenciales<br>An\u00e1logamente, la secretaria de Medio Ambiente y Recursos Naturales (Semarnat), Mar\u00eda Luisa Alborez Gonz\u00e1lez, quien enfatiz\u00f3 su cercan\u00eda con la Sierra Norte de Puebla, destac\u00f3 que, a nivel nacional, el programa Sembrando Vida es responsable de reforestar 10 mil 962 hect\u00e1reas y de otorgar empleo a 5 mil 900 personas.<\/p>\n\n\n\n<p>Tambi\u00e9n opin\u00f3 que los programas federales de apoyo al campo han contribuido a fortalecer la vocaci\u00f3n agr\u00edcola de la entidad poblana.<\/p>\n\n\n\n<p>Del mismo modo, el secretario de la Defensa Nacional (Sedena), Luis Cresencio Sandoval Gonz\u00e1lez, se comprometi\u00f3 a que las<\/p>\n\n\n\n<p>Fuerzas Armadas terminen de construir las sucursales pendientes del Banco del Bienestar, y refiri\u00f3 que la dependencia contribuye igualmente a la reforestaci\u00f3n del pa\u00eds.<br>El presidente L\u00f3pez Obrador dio a conocer que la pensi\u00f3n que el Estado mexicano da a personas adultas mayores ya es considerado un derecho constitucional. Adelant\u00f3 que, en 2024, quienes est\u00e1n inscritos en este programa ser\u00e1n beneficiados con un aumento de 25 por ciento.<\/p>\n\n\n\n<p>Garantiza AMLO universalidad de las pensiones. Foto: Erik Guzm\u00e1n | El Sol de Puebla<br>Aunado a lo anterior, el mandatario nacional manifest\u00f3 que la pensi\u00f3n que se da a personas con discapacidad ser\u00e1 universal en Puebla, pues los costos de operaci\u00f3n ser\u00e1n absorbidos conjuntamente por los gobiernos federal y estatal.<\/p>\n\n\n\n<p>Tambi\u00e9n dijo que se ampliar\u00e1 la cobertura de becas que el gobierno da a estudiantes y familias de quienes cursan los niveles b\u00e1sico y educaci\u00f3n media superior.<\/p>\n\n\n\n<p>Gobernador hace llamado a la unidad<br>Por su parte, el gobernador de Puebla, Sergio Salom\u00f3n C\u00e9spedes Peregrina, utiliz\u00f3 su discurso para hacer un llamado a la unidad de quienes integran la llamada Cuarta Transformaci\u00f3n.<\/p>\n\n\n\n<p>Julio Huerta permanecer\u00e1 en su cargo: \u201cLos que se adelantan, se est\u00e1n equivocando\u201d<br>\u201cEsa transformaci\u00f3n tiene que consolidarse en los pr\u00f3ximos a\u00f1os, y para eso es preciso cerrar filas en torno a una unidad real, consciente y sincera, una unidad franca y determinante que no deje resquicio alguno a la reacci\u00f3n conservadora\u201d, manifest\u00f3.<\/p>\n\n\n\n<p>Defendi\u00f3 que la clave para mantener el proyecto pol\u00edtico que encabez\u00f3 L\u00f3pez Obrador en 2018 es evitar las divisiones al interior del partido y priorizar la congruencia.<\/p>\n\n\n\n<p>\u201cNo podemos sucumbir. La transformaci\u00f3n que formalmente inici\u00f3 [el presidente L\u00f3pez Obrador] hace cinco a\u00f1os, pero que lleva en lucha social m\u00e1s de tres d\u00e9cadas no ha terminado (\u2026) Desde este espacio hago un llamado humilde al pueblo a mantener la unidad, a sumar en unidad, a entender que el bienestar de las personas depende de que sepamos mantenernos juntos, unidos, fuertes e inquebrantables junto al presidente Andr\u00e9s Manuel L\u00f3pez Obrador\u201d, a\u00f1adi\u00f3.<\/p>\n","protected":false},"excerpt":{"rendered":"<p>El presidente de la Rep\u00fablica, Andr\u00e9s Manuel L\u00f3pez Obrador, refiri\u00f3 convencido que su gobierno logr\u00f3 erradicar \u201cla robadera\u201d, refiri\u00e9ndose a la corrupci\u00f3n en las finanzas p\u00fablicas. Adem\u00e1s, y a poco m\u00e1s de un a\u00f1o de concluir su mandato, el titular del Ejecutivo federal garantiz\u00f3 la continuidad de sus programas sociales para los a\u00f1os venideros. En [&hellip;]<\/p>\n","protected":false},"author":4,"featured_media":27818,"comment_status":"open","ping_status":"open","sticky":false,"template":"","format":"standard","meta":{"om_disable_all_campaigns":false,"_monsterinsights_skip_tracking":false,"_monsterinsights_sitenote_active":false,"_monsterinsights_sitenote_note":"","_monsterinsights_sitenote_category":0,"footnotes":""},"categories":[176],"tags":[],"class_list":["post-27817","post","type-post","status-publish","format-standard","has-post-thumbnail","hentry","category-nacional"],"amp_enabled":true,"_links":{"self":[{"href":"https:\/\/lahora.mx\/index.php\/wp-json\/wp\/v2\/posts\/27817","targetHints":{"allow":["GET"]}}],"collection":[{"href":"https:\/\/lahora.mx\/index.php\/wp-json\/wp\/v2\/posts"}],"about":[{"href":"https:\/\/lahora.mx\/index.php\/wp-json\/wp\/v2\/types\/post"}],"author":[{"embeddable":true,"href":"https:\/\/lahora.mx\/index.php\/wp-json\/wp\/v2\/users\/4"}],"replies":[{"embeddable":true,"href":"https:\/\/lahora.mx\/index.php\/wp-json\/wp\/v2\/comments?post=27817"}],"version-history":[{"count":1,"href":"https:\/\/lahora.mx\/index.php\/wp-json\/wp\/v2\/posts\/27817\/revisions"}],"predecessor-version":[{"id":27819,"href":"https:\/\/lahora.mx\/index.php\/wp-json\/wp\/v2\/posts\/27817\/revisions\/27819"}],"wp:featuredmedia":[{"embeddable":true,"href":"https:\/\/lahora.mx\/index.php\/wp-json\/wp\/v2\/media\/27818"}],"wp:attachment":[{"href":"https:\/\/lahora.mx\/index.php\/wp-json\/wp\/v2\/media?parent=27817"}],"wp:term":[{"taxonomy":"category","embeddable":true,"href":"https:\/\/lahora.mx\/index.php\/wp-json\/wp\/v2\/categories?post=27817"},{"taxonomy":"post_tag","embeddable":true,"href":"https:\/\/lahora.mx\/index.php\/wp-json\/wp\/v2\/tags?post=27817"}],"curies":[{"name":"wp","href":"https:\/\/api.w.org\/{rel}","templated":true}]}}