{"id":27810,"date":"2023-06-11T22:10:19","date_gmt":"2023-06-11T22:10:19","guid":{"rendered":"http:\/\/lahora.mx\/?p=27810"},"modified":"2023-06-11T22:10:19","modified_gmt":"2023-06-11T22:10:19","slug":"adan-augusto-inaugura-nuevo-cuartel-de-gn-en-acatzingo","status":"publish","type":"post","link":"https:\/\/lahora.mx\/index.php\/2023\/06\/11\/adan-augusto-inaugura-nuevo-cuartel-de-gn-en-acatzingo\/","title":{"rendered":"Ad\u00e1n Augusto inaugura nuevo cuartel de GN en Acatzingo"},"content":{"rendered":"\n<p>Ad\u00e1n Augusto L\u00f3pez Hern\u00e1ndez, secretario de Gobernaci\u00f3n, inaugur\u00f3 el nuevo cuartel de la Guardia Nacional en el municipio de Acatzingo, Puebla; asegur\u00f3 que aunque esta ser\u00eda la \u00faltima vez que los visitar\u00e1 en su papel de secretario de Gobernaci\u00f3n, no ser\u00eda la \u00faltima vez que trabajar\u00eda incansablemente para impulsar el desarrollo social y productivo de la regi\u00f3n.<\/p>\n\n\n\n<p>En el evento, el funcionario federal resalt\u00f3 la relevancia de Acatzingo como el principal productor de tuna y nopal en la entidad y el tercero a nivel nacional, despu\u00e9s de Zacatecas y el Estado de M\u00e9xico.<br>Para L\u00f3pez Hern\u00e1ndez, los agricultores de Acatzingo son el mejor ejemplo del amor y la pasi\u00f3n que los mexicanos tienen por el campo, por lo que anunci\u00f3 la implementaci\u00f3n de apoyos en fertilizantes para los productores locales, expresando su confianza en que, gracias a su dedicaci\u00f3n y cari\u00f1o por su oficio, podr\u00e1n aprovechar al m\u00e1ximo estos recursos.<\/p>\n\n\n\n<p>En compa\u00f1\u00eda del gobernador Sergio Salom\u00f3n C\u00e9spedes, el secretario de Gobernaci\u00f3n reafirm\u00f3 su compromiso de trabajar conjuntamente en la construcci\u00f3n de un nuevo camino en Villanueva. Aunque es posible que no presencie directamente el proceso, enfatiz\u00f3 que su compromiso con el bienestar de los poblanos perdurar\u00e1 en el futuro. \u00abNo ser\u00e1 la \u00faltima vez que trabajemos juntos, Sergio, en beneficio de nuestra gente. Habr\u00e1 muchas ocasiones en las que colaboraremos\u00bb, asegur\u00f3 L\u00f3pez Hern\u00e1ndez.<\/p>\n\n\n\n<p>Asimismo, destac\u00f3 los apoyos sociales implementados en Acatzingo y reconoci\u00f3 al presidente Andr\u00e9s Manuel L\u00f3pez Obrador por su impulso en la entidad. Hizo hincapi\u00e9 en que muchos de los ciudadanos que hoy son padres y abuelos en la regi\u00f3n contribuyeron activamente a la construcci\u00f3n del pa\u00eds que tenemos en la actualidad.<\/p>\n\n\n\n<p>En tanto, consider\u00f3 que los programas de apoyo a los j\u00f3venes y adultos mayores son un testimonio tangible de la transformaci\u00f3n que M\u00e9xico est\u00e1 experimentando, a pesar de las cr\u00edticas de los opositores a estas acciones sociales.<\/p>\n\n\n\n<p>Tambi\u00e9n acord\u00f3 mantener conversaciones con el general Luis Crescencio Sandoval, titular de la Sedena; Rosa Icela Rodr\u00edguez, secretaria de Seguridad y Protecci\u00f3n Ciudadana; y David C\u00f3rdova Campos, titular de la Guardia Nacional, el pr\u00f3ximo lunes a primera hora, con el objetivo de agilizar el inicio de operaciones del nuevo cuartel de la corporaci\u00f3n en Acatzingo, cuya construcci\u00f3n ha concluido.<\/p>\n\n\n\n<p>Durante la gira por Puebla, el funcionario hizo menci\u00f3n especial del diputado federal Ignacio Mier Velasco, a quien calific\u00f3 como \u00abhermano\u00bb. Reconoci\u00f3 la importancia de los legisladores en la vida p\u00fablica nacional y agradeci\u00f3 la compa\u00f1\u00eda de los diputados federales morenistas Andrea Ch\u00e1vez, Leonel Godoy, Mario Rafael Llergo y Amairany Pe\u00f1a Escalante, as\u00ed como a los l\u00edderes sociales regionales y diputados locales presentes.<\/p>\n\n\n\n<p>Para concluir, el titular de la Segob destac\u00f3 la importancia de apoyar al presidente L\u00f3pez Obrador en esta \u00faltima etapa de su camino. Les inst\u00f3 a seguir por el camino seguro, el camino de la transformaci\u00f3n.<\/p>\n","protected":false},"excerpt":{"rendered":"<p>Ad\u00e1n Augusto L\u00f3pez Hern\u00e1ndez, secretario de Gobernaci\u00f3n, inaugur\u00f3 el nuevo cuartel de la Guardia Nacional en el municipio de Acatzingo, Puebla; asegur\u00f3 que aunque esta ser\u00eda la \u00faltima vez que los visitar\u00e1 en su papel de secretario de Gobernaci\u00f3n, no ser\u00eda la \u00faltima vez que trabajar\u00eda incansablemente para impulsar el desarrollo social y productivo de [&hellip;]<\/p>\n","protected":false},"author":4,"featured_media":27811,"comment_status":"open","ping_status":"open","sticky":false,"template":"","format":"standard","meta":{"om_disable_all_campaigns":false,"_monsterinsights_skip_tracking":false,"_monsterinsights_sitenote_active":false,"_monsterinsights_sitenote_note":"","_monsterinsights_sitenote_category":0,"footnotes":""},"categories":[176],"tags":[],"class_list":["post-27810","post","type-post","status-publish","format-standard","has-post-thumbnail","hentry","category-nacional"],"amp_enabled":true,"_links":{"self":[{"href":"https:\/\/lahora.mx\/index.php\/wp-json\/wp\/v2\/posts\/27810","targetHints":{"allow":["GET"]}}],"collection":[{"href":"https:\/\/lahora.mx\/index.php\/wp-json\/wp\/v2\/posts"}],"about":[{"href":"https:\/\/lahora.mx\/index.php\/wp-json\/wp\/v2\/types\/post"}],"author":[{"embeddable":true,"href":"https:\/\/lahora.mx\/index.php\/wp-json\/wp\/v2\/users\/4"}],"replies":[{"embeddable":true,"href":"https:\/\/lahora.mx\/index.php\/wp-json\/wp\/v2\/comments?post=27810"}],"version-history":[{"count":1,"href":"https:\/\/lahora.mx\/index.php\/wp-json\/wp\/v2\/posts\/27810\/revisions"}],"predecessor-version":[{"id":27812,"href":"https:\/\/lahora.mx\/index.php\/wp-json\/wp\/v2\/posts\/27810\/revisions\/27812"}],"wp:featuredmedia":[{"embeddable":true,"href":"https:\/\/lahora.mx\/index.php\/wp-json\/wp\/v2\/media\/27811"}],"wp:attachment":[{"href":"https:\/\/lahora.mx\/index.php\/wp-json\/wp\/v2\/media?parent=27810"}],"wp:term":[{"taxonomy":"category","embeddable":true,"href":"https:\/\/lahora.mx\/index.php\/wp-json\/wp\/v2\/categories?post=27810"},{"taxonomy":"post_tag","embeddable":true,"href":"https:\/\/lahora.mx\/index.php\/wp-json\/wp\/v2\/tags?post=27810"}],"curies":[{"name":"wp","href":"https:\/\/api.w.org\/{rel}","templated":true}]}}