{"id":27775,"date":"2023-06-10T22:52:15","date_gmt":"2023-06-10T22:52:15","guid":{"rendered":"http:\/\/lahora.mx\/?p=27775"},"modified":"2023-06-10T22:52:15","modified_gmt":"2023-06-10T22:52:15","slug":"exhiben-a-hombre-en-puebla-que-da-pension-alimenticia-de-tan-solo-30-pesos","status":"publish","type":"post","link":"https:\/\/lahora.mx\/index.php\/2023\/06\/10\/exhiben-a-hombre-en-puebla-que-da-pension-alimenticia-de-tan-solo-30-pesos\/","title":{"rendered":"exhiben a hombre en Puebla que da pensi\u00f3n alimenticia de tan s\u00f3lo 30 pesos"},"content":{"rendered":"\n<p class=\"wp-block-paragraph\">Integrantes del Frente Nacional de Mujeres contra Deudores Alimentarios se manifestaron hoy 10 de junio en la colonia Bosques de los H\u00e9roes al sur de la ciudad de Puebla en donde exhibieron a un sujeto de nombre Adri\u00e1n N. a quien acusan de incumplir con el pago de las pensiones debidas.<\/p>\n\n\n\n<p class=\"wp-block-paragraph\">Las mujeres denunciaron a Adri\u00e1n N como deudor de pensi\u00f3n alimenticia por no pagar la manutenci\u00f3n de su hija de 11 a\u00f1os de edad a pesar de que un juez de lo familiar fall\u00f3 a favor de Diana Gonz\u00e1lez, madre de la menor a inicios de 2020.<br>Sin embargo, Diana, afirm\u00f3 que desde hace m\u00e1s de cinco a\u00f1os el padre de su hija se ha negado a pagar la pensi\u00f3n alimenticia, pues al ser abogado ha encontrado las maneras legales para evadir dicha responsabilidad.<\/p>\n\n\n\n<p class=\"wp-block-paragraph\">Incluso se\u00f1al\u00f3 que a pesar de que su expareja actualmente labora como representante jur\u00eddico de una financiera, \u00e9l ha incurrido en falsedades al decir que vende cacahuates para s\u00f3lo darle 30 pesos a su hija.<br>\u201cEl se\u00f1or tambi\u00e9n est\u00e1 incurriendo en falsedades porque \u00e9l es apoderado legal de una financiera y \u00e9l est\u00e1 argumentando que vive de vender cacahuates y gomitas para dar una pensi\u00f3n de 30 pesos, lo cual, ni siquiera cuando viv\u00edamos con \u00e9l gast\u00e1bamos 30 pesos en la ni\u00f1a\u201d.<\/p>\n\n\n\n<p class=\"wp-block-paragraph\">Expres\u00f3 que ese fue uno de los motivos de su separaci\u00f3n, pues, en el tiempo en el que ambos estuvieron juntos, Adri\u00e1n no se hizo responsable del cuidado de la menor ni de sus gastos, siendo \u00e9stos absorbidos por la madre.<\/p>\n\n\n\n<p class=\"wp-block-paragraph\">Ahora, Diana exige dos cosas al deudor de pensi\u00f3n alimenticia en Bosques de los H\u00e9roes, Puebla: el pago de los m\u00e1s de cinco a\u00f1os pendientes para su hija y, en segundo lugar, que Adri\u00e1n retir\u00e9 su solicitud por la que busca quedarse con la custodia de la menor.<\/p>\n","protected":false},"excerpt":{"rendered":"<p>Integrantes del Frente Nacional de Mujeres contra Deudores Alimentarios se manifestaron hoy 10 de junio en la colonia Bosques de los H\u00e9roes al sur de la ciudad de Puebla en donde exhibieron a un sujeto de nombre Adri\u00e1n N. a quien acusan de incumplir con el pago de las pensiones debidas. Las mujeres denunciaron a [&hellip;]<\/p>\n","protected":false},"author":4,"featured_media":27776,"comment_status":"open","ping_status":"open","sticky":false,"template":"","format":"standard","meta":{"om_disable_all_campaigns":false,"_monsterinsights_skip_tracking":false,"footnotes":""},"categories":[175],"tags":[223],"class_list":["post-27775","post","type-post","status-publish","format-standard","has-post-thumbnail","hentry","category-local","tag-puebla"],"amp_enabled":true,"_links":{"self":[{"href":"https:\/\/lahora.mx\/index.php\/wp-json\/wp\/v2\/posts\/27775","targetHints":{"allow":["GET"]}}],"collection":[{"href":"https:\/\/lahora.mx\/index.php\/wp-json\/wp\/v2\/posts"}],"about":[{"href":"https:\/\/lahora.mx\/index.php\/wp-json\/wp\/v2\/types\/post"}],"author":[{"embeddable":true,"href":"https:\/\/lahora.mx\/index.php\/wp-json\/wp\/v2\/users\/4"}],"replies":[{"embeddable":true,"href":"https:\/\/lahora.mx\/index.php\/wp-json\/wp\/v2\/comments?post=27775"}],"version-history":[{"count":1,"href":"https:\/\/lahora.mx\/index.php\/wp-json\/wp\/v2\/posts\/27775\/revisions"}],"predecessor-version":[{"id":27777,"href":"https:\/\/lahora.mx\/index.php\/wp-json\/wp\/v2\/posts\/27775\/revisions\/27777"}],"wp:featuredmedia":[{"embeddable":true,"href":"https:\/\/lahora.mx\/index.php\/wp-json\/wp\/v2\/media\/27776"}],"wp:attachment":[{"href":"https:\/\/lahora.mx\/index.php\/wp-json\/wp\/v2\/media?parent=27775"}],"wp:term":[{"taxonomy":"category","embeddable":true,"href":"https:\/\/lahora.mx\/index.php\/wp-json\/wp\/v2\/categories?post=27775"},{"taxonomy":"post_tag","embeddable":true,"href":"https:\/\/lahora.mx\/index.php\/wp-json\/wp\/v2\/tags?post=27775"}],"curies":[{"name":"wp","href":"https:\/\/api.w.org\/{rel}","templated":true}]}}