{"id":27738,"date":"2023-06-10T00:04:28","date_gmt":"2023-06-10T00:04:28","guid":{"rendered":"http:\/\/lahora.mx\/?p=27738"},"modified":"2023-06-10T00:04:28","modified_gmt":"2023-06-10T00:04:28","slug":"sheinbaum-asegura-que-morena-ya-tiene-acuerdo-para-elegir-a-candidato-presidencial","status":"publish","type":"post","link":"https:\/\/lahora.mx\/index.php\/2023\/06\/10\/sheinbaum-asegura-que-morena-ya-tiene-acuerdo-para-elegir-a-candidato-presidencial\/","title":{"rendered":"Sheinbaum asegura que Morena ya tiene acuerdo para elegir a candidato presidencial"},"content":{"rendered":"\n<p>La jefa de Gobierno, Claudia Sheinbaum, asegur\u00f3 que los integrantes de Morena ya llegaron a un acuerdo sobre las reglas para elegir a la persona que representar\u00e1 al partido en las elecciones del 2024.<\/p>\n\n\n\n<p>En conferencia de prensa sobre el Programa de reconstrucci\u00f3n Unidad Habitacional Gitana 243, la funcionaria adelant\u00f3 que en la reuni\u00f3n convocada este domingo por el Consejo Nacional de Morena no se presentar\u00e1n propuestas porque ya hay consenso sobre el m\u00e9todo que se emplear\u00e1. \u201cNo va haber ning\u00fan problema, hay acuerdo de todos los que vamos a participar\u201d, remarc\u00f3.<\/p>\n\n\n\n<p>Indic\u00f3 que el presidente nacional de Morena, Mario Delgado, le confirm\u00f3 en la ma\u00f1ana que las corcholatas presidenciales participar\u00e1n en el encuentro que servir\u00e1, seg\u00fan afirm\u00f3, para plantear posicionamientos \u201csobre lo que viene, sobre el gran gobierno del presidente Andr\u00e9s Manuel L\u00f3pez Obrador, lo que representa la continuidad de la Cuarta Transformaci\u00f3n y la unidad, la unidad por encima de todo\u201d.<\/p>\n\n\n\n<p>\u00bfSheinbaum renunciar\u00e1 para competir por la candidatura de Morena?<br>A mitad de semana, Sheinbaum adelant\u00f3 que esperar\u00e1 la decisi\u00f3n del Consejo Nacional de Morena sobre el m\u00e9todo de elecci\u00f3n del candidato presidencial para revelar si renuncia a su cargo.<\/p>\n\n\n\n<p>\u00bfClaudia Sheinbaum puede regresar a su cargo si no resulta como \u2018corcholata\u2019 presidencial?<br>Claudia Sheinbaum a\u00fan no decidir\u00e1 si renuncia a su cargo como jefa de Gobierno de la CDMX.<br>\u201cDisciplinadamente me voy a esperar al domingo, al Consejo Nacional de Morena a que ah\u00ed se defina, se diga cu\u00e1l es el planteamiento, y ya el lunes estar\u00e1n escuchando mi posicionamiento\u201d, dijo en un evento del Partido Verde.<\/p>\n\n\n\n<p>Esto despu\u00e9s de que el canciller Marcelo Ebrard anunciara que dejar\u00e1 la Secretar\u00eda de Relaciones Exteriores (SRE) a partir del pr\u00f3ximo lunes 12 de junio.<\/p>\n\n\n\n<p>\u201cEl Consejo Nacional de Morena anunci\u00f3 que el pr\u00f3ximo domingo 11 de junio har\u00e1 una reflexi\u00f3n y propuesta para la selecci\u00f3n del coordinador nacional de los comit\u00e9s de defensa. Es mi privilegio decirles que participar\u00e9 en el proceso con mis compa\u00f1eras y compa\u00f1eras. Estoy seguro que tendremos una propuesta unitaria, que garantice equidad y reglas claras\u201d, dijo en conferencia de prensa.<\/p>\n\n\n\n<p>A mitad de semana, L\u00f3pez Obrador advirti\u00f3 que los aspirantes a la candidatura deber\u00e1n renunciar solo si el Consejo Nacional de Morena lo establece en la reuni\u00f3n de este domingo.<\/p>\n","protected":false},"excerpt":{"rendered":"<p>La jefa de Gobierno, Claudia Sheinbaum, asegur\u00f3 que los integrantes de Morena ya llegaron a un acuerdo sobre las reglas para elegir a la persona que representar\u00e1 al partido en las elecciones del 2024. En conferencia de prensa sobre el Programa de reconstrucci\u00f3n Unidad Habitacional Gitana 243, la funcionaria adelant\u00f3 que en la reuni\u00f3n convocada [&hellip;]<\/p>\n","protected":false},"author":4,"featured_media":27739,"comment_status":"open","ping_status":"open","sticky":false,"template":"","format":"standard","meta":{"om_disable_all_campaigns":false,"_monsterinsights_skip_tracking":false,"_monsterinsights_sitenote_active":false,"_monsterinsights_sitenote_note":"","_monsterinsights_sitenote_category":0,"footnotes":""},"categories":[176],"tags":[],"class_list":["post-27738","post","type-post","status-publish","format-standard","has-post-thumbnail","hentry","category-nacional"],"amp_enabled":true,"_links":{"self":[{"href":"https:\/\/lahora.mx\/index.php\/wp-json\/wp\/v2\/posts\/27738","targetHints":{"allow":["GET"]}}],"collection":[{"href":"https:\/\/lahora.mx\/index.php\/wp-json\/wp\/v2\/posts"}],"about":[{"href":"https:\/\/lahora.mx\/index.php\/wp-json\/wp\/v2\/types\/post"}],"author":[{"embeddable":true,"href":"https:\/\/lahora.mx\/index.php\/wp-json\/wp\/v2\/users\/4"}],"replies":[{"embeddable":true,"href":"https:\/\/lahora.mx\/index.php\/wp-json\/wp\/v2\/comments?post=27738"}],"version-history":[{"count":1,"href":"https:\/\/lahora.mx\/index.php\/wp-json\/wp\/v2\/posts\/27738\/revisions"}],"predecessor-version":[{"id":27740,"href":"https:\/\/lahora.mx\/index.php\/wp-json\/wp\/v2\/posts\/27738\/revisions\/27740"}],"wp:featuredmedia":[{"embeddable":true,"href":"https:\/\/lahora.mx\/index.php\/wp-json\/wp\/v2\/media\/27739"}],"wp:attachment":[{"href":"https:\/\/lahora.mx\/index.php\/wp-json\/wp\/v2\/media?parent=27738"}],"wp:term":[{"taxonomy":"category","embeddable":true,"href":"https:\/\/lahora.mx\/index.php\/wp-json\/wp\/v2\/categories?post=27738"},{"taxonomy":"post_tag","embeddable":true,"href":"https:\/\/lahora.mx\/index.php\/wp-json\/wp\/v2\/tags?post=27738"}],"curies":[{"name":"wp","href":"https:\/\/api.w.org\/{rel}","templated":true}]}}