{"id":2773,"date":"2022-02-05T02:09:37","date_gmt":"2022-02-05T02:09:37","guid":{"rendered":"http:\/\/lahora.mx\/?p=2773"},"modified":"2022-02-05T17:28:00","modified_gmt":"2022-02-05T17:28:00","slug":"el-ine-aprueba-la-convocatoria-para-la-revocacion-de-mandato","status":"publish","type":"post","link":"https:\/\/lahora.mx\/index.php\/2022\/02\/05\/el-ine-aprueba-la-convocatoria-para-la-revocacion-de-mandato\/","title":{"rendered":"El INE aprueba la convocatoria para la revocaci\u00f3n de mandato"},"content":{"rendered":"<p>Este viernes, el consejo general del Instituto Nacional Electoral (INE) aprob\u00f3 la convocatoria para la consulta de revocaci\u00f3n de mandato, que se llevar\u00e1 a cabo en abril pr\u00f3ximo.<\/p>\n<p>Por unanimidad, los consejeros electorales apuntaron que se realizar\u00e1 bajo limitaciones presupuestales<\/p>\n<p>El INE inform\u00f3 que \u00abcuenta actualmente con un presupuesto de 1,567.4 millones de pesos, en virtud de la negativa de la Secretar\u00eda de Hacienda y Cr\u00e9dito P\u00fablico (SHCP) de proporcionar recursos adicionales por 1,738.9 mdp para poder llevar a cabo este ejercicio bajo los est\u00e1ndares requeridos por ley\u00bb.<\/p>\n<p>Para este ejercicio,<strong>\u00a0el INE instalar\u00e1, el pr\u00f3ximo 10 de abril, m\u00e1s de 57 mil 377 casillas a lo largo y ancho del pa\u00eds<\/strong>, y podr\u00e1n participar los ciudadanos que cuenten con credencial para votar.<\/p>\n<p>Lorenzo C\u00f3rdova puntualiz\u00f3 que, partir de la emisi\u00f3n de esta convocatoria, ning\u00fan funcionario p\u00fablico de ninguno de los \u00f3rdenes de gobierno puede hacer\u00a0<strong>propaganda gubernamental,<\/strong>\u00a0salvo en los temas de educaci\u00f3n, salud y protecci\u00f3n civil.<\/p>\n<blockquote><p>\u201cEsta no es una decisi\u00f3n el INE, que quede claro, es una decisi\u00f3n que los legisladores definieron en la propia ley en la materia&#8230; or lo que desde aqu\u00ed hacemos una llamado a los titulares de las dependencias y entidades de la Administraci\u00f3n P\u00fablica, y cualquier ente de los tres \u00f3rdenes del gobierno, a respetar las reglas de comunicaci\u00f3n pol\u00edtica que el Congreso fij\u00f3\u201d, dijo.<\/p><\/blockquote>\n<p>El INE es el \u00fanico \u00f3rgano encargado de hacer la difusi\u00f3n sobre la\u00a0<strong>revocaci\u00f3n de mandato.<\/strong><\/p>\n<p>&nbsp;<\/p>\n<div id=\"standard_6\" class=\"st-placement standard_6 inVideo\">\n<div class=\"st-adunit st-show st-reset\"><\/div>\n<\/div>\n<div id=\"standard_7\" class=\"st-placement standard_7 inPlayer\">\n<div class=\"st-adunit st-reset st-show\"><\/div>\n<\/div>\n","protected":false},"excerpt":{"rendered":"<p>Este viernes, el consejo general del Instituto Nacional Electoral (INE) aprob\u00f3 la convocatoria para la consulta de revocaci\u00f3n de mandato, que se llevar\u00e1 a cabo en abril pr\u00f3ximo. Por unanimidad, los consejeros electorales apuntaron que se realizar\u00e1 bajo limitaciones presupuestales El INE inform\u00f3 que \u00abcuenta actualmente con un presupuesto de 1,567.4 millones de pesos, en [&hellip;]<\/p>\n","protected":false},"author":4,"featured_media":2774,"comment_status":"open","ping_status":"open","sticky":false,"template":"","format":"standard","meta":{"om_disable_all_campaigns":false,"_monsterinsights_skip_tracking":false,"_monsterinsights_sitenote_active":false,"_monsterinsights_sitenote_note":"","_monsterinsights_sitenote_category":0,"footnotes":""},"categories":[176],"tags":[],"class_list":["post-2773","post","type-post","status-publish","format-standard","has-post-thumbnail","hentry","category-nacional"],"amp_enabled":true,"_links":{"self":[{"href":"https:\/\/lahora.mx\/index.php\/wp-json\/wp\/v2\/posts\/2773","targetHints":{"allow":["GET"]}}],"collection":[{"href":"https:\/\/lahora.mx\/index.php\/wp-json\/wp\/v2\/posts"}],"about":[{"href":"https:\/\/lahora.mx\/index.php\/wp-json\/wp\/v2\/types\/post"}],"author":[{"embeddable":true,"href":"https:\/\/lahora.mx\/index.php\/wp-json\/wp\/v2\/users\/4"}],"replies":[{"embeddable":true,"href":"https:\/\/lahora.mx\/index.php\/wp-json\/wp\/v2\/comments?post=2773"}],"version-history":[{"count":1,"href":"https:\/\/lahora.mx\/index.php\/wp-json\/wp\/v2\/posts\/2773\/revisions"}],"predecessor-version":[{"id":2775,"href":"https:\/\/lahora.mx\/index.php\/wp-json\/wp\/v2\/posts\/2773\/revisions\/2775"}],"wp:featuredmedia":[{"embeddable":true,"href":"https:\/\/lahora.mx\/index.php\/wp-json\/wp\/v2\/media\/2774"}],"wp:attachment":[{"href":"https:\/\/lahora.mx\/index.php\/wp-json\/wp\/v2\/media?parent=2773"}],"wp:term":[{"taxonomy":"category","embeddable":true,"href":"https:\/\/lahora.mx\/index.php\/wp-json\/wp\/v2\/categories?post=2773"},{"taxonomy":"post_tag","embeddable":true,"href":"https:\/\/lahora.mx\/index.php\/wp-json\/wp\/v2\/tags?post=2773"}],"curies":[{"name":"wp","href":"https:\/\/api.w.org\/{rel}","templated":true}]}}