{"id":27720,"date":"2023-06-09T21:47:58","date_gmt":"2023-06-09T21:47:58","guid":{"rendered":"http:\/\/lahora.mx\/?p=27720"},"modified":"2023-06-09T21:47:58","modified_gmt":"2023-06-09T21:47:58","slug":"defiende-rivera-libertad-de-asociacion-de-locatarios-del-mercado-amalucan","status":"publish","type":"post","link":"https:\/\/lahora.mx\/index.php\/2023\/06\/09\/defiende-rivera-libertad-de-asociacion-de-locatarios-del-mercado-amalucan\/","title":{"rendered":"Defiende Rivera libertad de asociaci\u00f3n de locatarios del mercado Amalucan"},"content":{"rendered":"\n<p>Ning\u00fan locatario del mercado de Amalucan puede ser condicionado para formar parte de la organizaci\u00f3n Antorcha Campesina o la Uni\u00f3n Popular de Vendedores Ambulantes (UPVA) \u201c28 de Octubre\u201d, pues debe prevalecer la libertad de asociaci\u00f3n, se\u00f1al\u00f3 el alcalde de Puebla, Eduardo Rivera P\u00e9rez.<\/p>\n\n\n\n<p>Este viernes 9 de junio, el edil panista expuso que el Ayuntamiento estableci\u00f3 que no pueden obligar a ning\u00fan comerciante a pertenecer a alguna organizaci\u00f3n para poder continuar dentro del mercado, pues cada uno es libre decidir sobre c\u00f3mo quiere trabajar.<br>\u201cA nadie se le puede condicionar el derecho al trabajo y pertenecer a una organizaci\u00f3n, o realizar alguna actividad de cualquier tipo para tener garantizado el derecho al trabajo, entonces a trav\u00e9s del di\u00e1logo se lleg\u00f3 a este acuerdo\u201d, sentenci\u00f3.<br>Rivera P\u00e9rez manifest\u00f3 que tampoco se \u201ctrata de repartir\u201d al mercado entre la organizaci\u00f3n Antorcha Campesina o la 28 de Octubre, pues no se estableci\u00f3 una delimitaci\u00f3n para favorecer a un grupo, ya que cada uno tiene presencia en colonias, juntas auxiliares y en otros mercados de la capital poblana.<br>Insisti\u00f3 que si el gobierno de la ciudad detecta que hay problemas con los liderazgos de las organizaciones se les invitar\u00e1 al di\u00e1logo.<\/p>\n\n\n\n<p>Es de mencionar que ayer jueves 8 de junio, la Secretar\u00eda de Seguridad Ciudadana del municipio de Puebla mont\u00f3 un operativo por \u00abseguridad\u00bb y para evitar conflictos entre las organizaciones de Antorcha Campesina y la \u201c28 de Octubre\u201d, despu\u00e9s de que el Ayuntamiento tom\u00f3 la administraci\u00f3n de dicho centro de abasto.<\/p>\n\n\n\n<p>Antorchistas e integrantes de la 28 de Octubre firmaron un documento en el que aceptaron una serie de acuerdos con la autoridad municipal. Destaca que ambas organizaciones se comprometieron a garantizar el derecho del trabajo y libre asociaci\u00f3n de todos los comerciantes del mercado de Amalucan.<\/p>\n\n\n\n<p>Asimismo, aceptaron entregar la administraci\u00f3n del mercado al Ayuntamiento, que a su vez deber\u00e1 generar la gobernabilidad y desarrollo comercial, as\u00ed como revisar el padr\u00f3n establecido de comerciantes para acordar el pago de derechos.<\/p>\n","protected":false},"excerpt":{"rendered":"<p>Ning\u00fan locatario del mercado de Amalucan puede ser condicionado para formar parte de la organizaci\u00f3n Antorcha Campesina o la Uni\u00f3n Popular de Vendedores Ambulantes (UPVA) \u201c28 de Octubre\u201d, pues debe prevalecer la libertad de asociaci\u00f3n, se\u00f1al\u00f3 el alcalde de Puebla, Eduardo Rivera P\u00e9rez. Este viernes 9 de junio, el edil panista expuso que el Ayuntamiento [&hellip;]<\/p>\n","protected":false},"author":4,"featured_media":27721,"comment_status":"open","ping_status":"open","sticky":false,"template":"","format":"standard","meta":{"om_disable_all_campaigns":false,"_monsterinsights_skip_tracking":false,"_monsterinsights_sitenote_active":false,"_monsterinsights_sitenote_note":"","_monsterinsights_sitenote_category":0,"footnotes":""},"categories":[176],"tags":[],"class_list":["post-27720","post","type-post","status-publish","format-standard","has-post-thumbnail","hentry","category-nacional"],"amp_enabled":true,"_links":{"self":[{"href":"https:\/\/lahora.mx\/index.php\/wp-json\/wp\/v2\/posts\/27720","targetHints":{"allow":["GET"]}}],"collection":[{"href":"https:\/\/lahora.mx\/index.php\/wp-json\/wp\/v2\/posts"}],"about":[{"href":"https:\/\/lahora.mx\/index.php\/wp-json\/wp\/v2\/types\/post"}],"author":[{"embeddable":true,"href":"https:\/\/lahora.mx\/index.php\/wp-json\/wp\/v2\/users\/4"}],"replies":[{"embeddable":true,"href":"https:\/\/lahora.mx\/index.php\/wp-json\/wp\/v2\/comments?post=27720"}],"version-history":[{"count":1,"href":"https:\/\/lahora.mx\/index.php\/wp-json\/wp\/v2\/posts\/27720\/revisions"}],"predecessor-version":[{"id":27722,"href":"https:\/\/lahora.mx\/index.php\/wp-json\/wp\/v2\/posts\/27720\/revisions\/27722"}],"wp:featuredmedia":[{"embeddable":true,"href":"https:\/\/lahora.mx\/index.php\/wp-json\/wp\/v2\/media\/27721"}],"wp:attachment":[{"href":"https:\/\/lahora.mx\/index.php\/wp-json\/wp\/v2\/media?parent=27720"}],"wp:term":[{"taxonomy":"category","embeddable":true,"href":"https:\/\/lahora.mx\/index.php\/wp-json\/wp\/v2\/categories?post=27720"},{"taxonomy":"post_tag","embeddable":true,"href":"https:\/\/lahora.mx\/index.php\/wp-json\/wp\/v2\/tags?post=27720"}],"curies":[{"name":"wp","href":"https:\/\/api.w.org\/{rel}","templated":true}]}}