{"id":27714,"date":"2023-06-09T21:21:33","date_gmt":"2023-06-09T21:21:33","guid":{"rendered":"http:\/\/lahora.mx\/?p=27714"},"modified":"2023-06-09T21:21:34","modified_gmt":"2023-06-09T21:21:34","slug":"abogados-de-trump-renuncian-a-defenderlo-en-su-acusacion","status":"publish","type":"post","link":"https:\/\/lahora.mx\/index.php\/2023\/06\/09\/abogados-de-trump-renuncian-a-defenderlo-en-su-acusacion\/","title":{"rendered":"Abogados de Trump renuncian a defenderlo en su acusaci\u00f3n"},"content":{"rendered":"\n<p>Jim Trusty y John Rowley, los dos abogados que representaron a Donald Trump en los meses previos a que el expresidente enfrentara cargos federales por su manejo de documentos clasificados, cesaron su trabajo para \u00e9l el viernes por la ma\u00f1ana, infom\u00f3 el magnate en su cuenta de Truth Social y ambos letrados.<\/p>\n\n\n\n<p>\u201cEsta ma\u00f1ana presentamos nuestras renuncias como asesores del presidente Trump, y ya no lo representaremos ni en el caso acusado ni en la investigaci\u00f3n del 6 de enero\u201d, seg\u00fan la declaraci\u00f3n conjunta de Jim Trusty y John Rowley. \u00abHa sido un honor defenderlo durante el \u00faltimo a\u00f1o, y estamos seguros de que ser\u00e1 vindicado en su lucha contra el sesgo partidista del sistema de justicia estadounidense bajo la Administraci\u00f3n Biden\u00bb, afirmaron los abogados.<br>\u00abAhora que el caso ha sido presentado en Miami, consideramos que es el momento adecuado para retirarnos y permitir que otros lleven los casos hasta su conclusi\u00f3n\u00bb, agregaron. \u00abNo tenemos planes de hacer apariciones en los medios para discutir nuestra salida o cualquier otra comunicaci\u00f3n confidencial que hayamos tenido con el presidente o su equipo legal\u00bb.<\/p>\n\n\n\n<p>Los abogados no explicaron detalladamente las razones de su renuncia, aunque se\u00f1alaron que \u00abeste es un momento oportuno\u00bb para hacerlo, considerando la acusaci\u00f3n presentada el jueves en el Tribunal Federal de Distrito en Miami. Trusty y Rowley tambi\u00e9n confirmaron que ya no representar\u00e1n a Trump en una investigaci\u00f3n penal federal pendiente relacionada con sus esfuerzos por revertir su derrota en las elecciones de 2020 frente al presidente Joe Biden.<\/p>\n\n\n\n<p>Trump anunci\u00f3 inicialmente la partida de los abogados en una publicaci\u00f3n en Truth Social. Indic\u00f3 que ahora ser\u00eda representado por Todd Blanche, un abogado de Nueva York que lo est\u00e1 ayudando en otro caso penal en la Corte Suprema de Manhattan. Trump enfrenta acusaciones en un gran jurado estatal por falsificaci\u00f3n de registros comerciales relacionados con un pago secreto a la actriz de cine para adultos Stormy Daniels justo antes de las elecciones presidenciales de 2016.<\/p>\n\n\n\n<p>\u00abQuiero agradecer a Jim Trusty y John Rowley por su trabajo, pero se enfrentaron a un grupo de personas muy deshonestas, corruptas, malvadas y \u00abenfermas\u00bb, como nunca antes se hab\u00eda visto. Estaremos anunciando abogados adicionales en los pr\u00f3ximos d\u00edas\u00bb, dijo Trump.<\/p>\n","protected":false},"excerpt":{"rendered":"<p>Jim Trusty y John Rowley, los dos abogados que representaron a Donald Trump en los meses previos a que el expresidente enfrentara cargos federales por su manejo de documentos clasificados, cesaron su trabajo para \u00e9l el viernes por la ma\u00f1ana, infom\u00f3 el magnate en su cuenta de Truth Social y ambos letrados. \u201cEsta ma\u00f1ana presentamos [&hellip;]<\/p>\n","protected":false},"author":4,"featured_media":27715,"comment_status":"open","ping_status":"open","sticky":false,"template":"","format":"standard","meta":{"om_disable_all_campaigns":false,"_monsterinsights_skip_tracking":false,"_monsterinsights_sitenote_active":false,"_monsterinsights_sitenote_note":"","_monsterinsights_sitenote_category":0,"footnotes":""},"categories":[183],"tags":[],"class_list":["post-27714","post","type-post","status-publish","format-standard","has-post-thumbnail","hentry","category-internacional"],"amp_enabled":true,"_links":{"self":[{"href":"https:\/\/lahora.mx\/index.php\/wp-json\/wp\/v2\/posts\/27714","targetHints":{"allow":["GET"]}}],"collection":[{"href":"https:\/\/lahora.mx\/index.php\/wp-json\/wp\/v2\/posts"}],"about":[{"href":"https:\/\/lahora.mx\/index.php\/wp-json\/wp\/v2\/types\/post"}],"author":[{"embeddable":true,"href":"https:\/\/lahora.mx\/index.php\/wp-json\/wp\/v2\/users\/4"}],"replies":[{"embeddable":true,"href":"https:\/\/lahora.mx\/index.php\/wp-json\/wp\/v2\/comments?post=27714"}],"version-history":[{"count":1,"href":"https:\/\/lahora.mx\/index.php\/wp-json\/wp\/v2\/posts\/27714\/revisions"}],"predecessor-version":[{"id":27716,"href":"https:\/\/lahora.mx\/index.php\/wp-json\/wp\/v2\/posts\/27714\/revisions\/27716"}],"wp:featuredmedia":[{"embeddable":true,"href":"https:\/\/lahora.mx\/index.php\/wp-json\/wp\/v2\/media\/27715"}],"wp:attachment":[{"href":"https:\/\/lahora.mx\/index.php\/wp-json\/wp\/v2\/media?parent=27714"}],"wp:term":[{"taxonomy":"category","embeddable":true,"href":"https:\/\/lahora.mx\/index.php\/wp-json\/wp\/v2\/categories?post=27714"},{"taxonomy":"post_tag","embeddable":true,"href":"https:\/\/lahora.mx\/index.php\/wp-json\/wp\/v2\/tags?post=27714"}],"curies":[{"name":"wp","href":"https:\/\/api.w.org\/{rel}","templated":true}]}}