{"id":27711,"date":"2023-06-09T21:00:44","date_gmt":"2023-06-09T21:00:44","guid":{"rendered":"http:\/\/lahora.mx\/?p=27711"},"modified":"2023-06-09T21:00:44","modified_gmt":"2023-06-09T21:00:44","slug":"amlo-y-fox-pelean-por-paternidad-de-pensiones-para-adultos-mayores","status":"publish","type":"post","link":"https:\/\/lahora.mx\/index.php\/2023\/06\/09\/amlo-y-fox-pelean-por-paternidad-de-pensiones-para-adultos-mayores\/","title":{"rendered":"AMLO y Fox pelean por \u00abpaternidad\u00bb de pensiones para adultos mayores"},"content":{"rendered":"\n<p>El presidente Andr\u00e9s Manuel L\u00f3pez Obrador calific\u00f3 como \u201cuna reverenda mentira\u201d, las afirmaciones del expresidente Vicente Fox, quien refiri\u00f3 que el programa de pensiones para adultos mayores inici\u00f3 en su sexenio.<br>\u201cLo de Fox es una reverenda mentira. Es muy hip\u00f3crita. Eso que dice es mentira, es falso. Cuando nosotros iniciamos la pensi\u00f3n para los adultos mayores en la ciudad, \u00e9l se opuso, debe haber grabaciones\u201d, se\u00f1al\u00f3.<\/p>\n\n\n\n<p>En su conferencia de prensa, solicit\u00f3 que se reprodujera un video en el que el exmandatario panista aseguraba que dar pensiones a las personas de la tercera edad, llevar\u00eda al pa\u00eds a la quiebra.<\/p>\n\n\n\n<p>\u201cMe acuerdo que lleg\u00f3 a decir que a los adultos mayores hab\u00eda que ponerlos a trabajar, no darles pensi\u00f3n. Nunca han estado a favor de la pensi\u00f3n a los adultos mayores\u201d, dijo.<\/p>\n\n\n\n<p>Tambi\u00e9n llam\u00f3 \u201coportunistas y c\u00ednicos\u201d a los panistas porque, afirm\u00f3, rechazaron la reforma para que la pensi\u00f3n para adultos mayores fuera establecida en la Constituci\u00f3n.<\/p>\n\n\n\n<p><br>\u201cTodos los diputados del PAN en la C\u00e1mara de Diputados votaron en contra de que las pensiones a los adultos mayores, se convirtieran en derechos constitucionales. Ahora resulta que ayudar a los adultos mayores no es populismo, porque antes me acusaban de populista\u201d, apunt\u00f3 L\u00f3pez Obrador.<\/p>\n\n\n\n<p>Fox dice que \u00e9l cre\u00f3 programas para adultos mayores<br>El PAN y el expresidente Vicente Fox lanzaron un video en el que se\u00f1alaron que bajo su administraci\u00f3n panista empez\u00f3 el programa de pensiones para personas adultas mayores, \u201cy se crearon programas sociales que s\u00ed beneficiaban a la gente\u201d.<\/p>\n","protected":false},"excerpt":{"rendered":"<p>El presidente Andr\u00e9s Manuel L\u00f3pez Obrador calific\u00f3 como \u201cuna reverenda mentira\u201d, las afirmaciones del expresidente Vicente Fox, quien refiri\u00f3 que el programa de pensiones para adultos mayores inici\u00f3 en su sexenio.\u201cLo de Fox es una reverenda mentira. Es muy hip\u00f3crita. Eso que dice es mentira, es falso. Cuando nosotros iniciamos la pensi\u00f3n para los adultos [&hellip;]<\/p>\n","protected":false},"author":4,"featured_media":27712,"comment_status":"open","ping_status":"open","sticky":false,"template":"","format":"standard","meta":{"om_disable_all_campaigns":false,"_monsterinsights_skip_tracking":false,"_monsterinsights_sitenote_active":false,"_monsterinsights_sitenote_note":"","_monsterinsights_sitenote_category":0,"footnotes":""},"categories":[176],"tags":[195,223],"class_list":["post-27711","post","type-post","status-publish","format-standard","has-post-thumbnail","hentry","category-nacional","tag-principal","tag-puebla"],"amp_enabled":true,"_links":{"self":[{"href":"https:\/\/lahora.mx\/index.php\/wp-json\/wp\/v2\/posts\/27711","targetHints":{"allow":["GET"]}}],"collection":[{"href":"https:\/\/lahora.mx\/index.php\/wp-json\/wp\/v2\/posts"}],"about":[{"href":"https:\/\/lahora.mx\/index.php\/wp-json\/wp\/v2\/types\/post"}],"author":[{"embeddable":true,"href":"https:\/\/lahora.mx\/index.php\/wp-json\/wp\/v2\/users\/4"}],"replies":[{"embeddable":true,"href":"https:\/\/lahora.mx\/index.php\/wp-json\/wp\/v2\/comments?post=27711"}],"version-history":[{"count":1,"href":"https:\/\/lahora.mx\/index.php\/wp-json\/wp\/v2\/posts\/27711\/revisions"}],"predecessor-version":[{"id":27713,"href":"https:\/\/lahora.mx\/index.php\/wp-json\/wp\/v2\/posts\/27711\/revisions\/27713"}],"wp:featuredmedia":[{"embeddable":true,"href":"https:\/\/lahora.mx\/index.php\/wp-json\/wp\/v2\/media\/27712"}],"wp:attachment":[{"href":"https:\/\/lahora.mx\/index.php\/wp-json\/wp\/v2\/media?parent=27711"}],"wp:term":[{"taxonomy":"category","embeddable":true,"href":"https:\/\/lahora.mx\/index.php\/wp-json\/wp\/v2\/categories?post=27711"},{"taxonomy":"post_tag","embeddable":true,"href":"https:\/\/lahora.mx\/index.php\/wp-json\/wp\/v2\/tags?post=27711"}],"curies":[{"name":"wp","href":"https:\/\/api.w.org\/{rel}","templated":true}]}}