{"id":27699,"date":"2023-06-09T15:56:45","date_gmt":"2023-06-09T15:56:45","guid":{"rendered":"http:\/\/lahora.mx\/?p=27699"},"modified":"2023-06-09T15:56:46","modified_gmt":"2023-06-09T15:56:46","slug":"conforma-ayuntamiento-de-puebla-comite-de-madres-y-padres-de-familia-para-las-estancias-infantiles","status":"publish","type":"post","link":"https:\/\/lahora.mx\/index.php\/2023\/06\/09\/conforma-ayuntamiento-de-puebla-comite-de-madres-y-padres-de-familia-para-las-estancias-infantiles\/","title":{"rendered":"Conforma ayuntamiento de Puebla comit\u00e9 de madres y padres de familia para las estancias infantiles"},"content":{"rendered":"\n<p>Para que el programa de Estancias Infantiles crezca y se fortalezca con la participaci\u00f3n de la gente, el Ayuntamiento de Puebla -encabezado por Eduardo Rivera P\u00e9rez- cre\u00f3 el Comit\u00e9 de Madres y Padres de Familia; un \u00f3rgano netamente ciudadano que vigilar\u00e1 que todas las acciones de este programa municipal se realicen de manera transparente y de acuerdo a los lineamientos establecidos.<\/p>\n\n\n\n<p>Una de las prioridades de esta administraci\u00f3n es brindar espacios seguros para el desarrollo de la ni\u00f1ez, por ello, ante m\u00e1s de 500 mam\u00e1s, pap\u00e1s y tutores que se dieron cita en el Centro de Desarrollo de San Ram\u00f3n, Rivera P\u00e9rez reconoci\u00f3 que, al igual que \u201ctodos ustedes que salen a romperse el alma a trabajar para sacar adelante a sus hijas y a sus hijos, quiero la mejor educaci\u00f3n, que est\u00e9n bien cuidados y que est\u00e9n seguros\u201d.<\/p>\n\n\n\n<p>Fue as\u00ed que se celebr\u00f3 el encuentro \u201cFamilias Fuertes Con Rumbo Por Puebla\u201d, donde la Secretar\u00eda de Bienestar y Participaci\u00f3n Ciudadana \u2013encabezada por Mat\u00edas Rivero Marines- sum\u00f3 a siete ciudadanas y ciudadanos para hacer equipo en favor de la protecci\u00f3n de los m\u00e1s de mil 500 ni\u00f1as y ni\u00f1os que est\u00e1n inscritos en alguna de las 70 Estancias Infantiles afiliadas al programa.<\/p>\n\n\n\n<p>Durante este acercamiento y convivencia tambi\u00e9n se imparti\u00f3 la conferencia \u2018Crianza Positiva\u2019 por parte de la psic\u00f3loga Ana Paola Mart\u00ednez S\u00e1nchez, con la que se compartieron una serie de consejos para establecer nuevos valores, herramientas, l\u00edmites y competencias parentales para un mejor cuidado de la ni\u00f1ez.<\/p>\n\n\n\n<p>A la presentaci\u00f3n del nuevo Comit\u00e9 de Madres y Padres de Familia del programa Estancias Infantiles tambi\u00e9n asistieron los Regidores Luis Franco Mart\u00ednez, Presidente de la Comisi\u00f3n de Bienestar; Alfredo Ram\u00edrez Barra y Dolores Cervantes Moctezuma, Presidente e integrante respectivamente de la Comisi\u00f3n de Participaci\u00f3n Ciudadana; adem\u00e1s de Carolina Morales Garc\u00eda, Directora del Sistema Municipal DIF; y Fernando Cort\u00e9s Betanzos, Coordinador General de Comunicaci\u00f3n Social.<\/p>\n","protected":false},"excerpt":{"rendered":"<p>Para que el programa de Estancias Infantiles crezca y se fortalezca con la participaci\u00f3n de la gente, el Ayuntamiento de Puebla -encabezado por Eduardo Rivera P\u00e9rez- cre\u00f3 el Comit\u00e9 de Madres y Padres de Familia; un \u00f3rgano netamente ciudadano que vigilar\u00e1 que todas las acciones de este programa municipal se realicen de manera transparente y [&hellip;]<\/p>\n","protected":false},"author":4,"featured_media":27700,"comment_status":"open","ping_status":"open","sticky":false,"template":"","format":"standard","meta":{"om_disable_all_campaigns":false,"_monsterinsights_skip_tracking":false,"_monsterinsights_sitenote_active":false,"_monsterinsights_sitenote_note":"","_monsterinsights_sitenote_category":0,"footnotes":""},"categories":[175],"tags":[223],"class_list":["post-27699","post","type-post","status-publish","format-standard","has-post-thumbnail","hentry","category-local","tag-puebla"],"amp_enabled":true,"_links":{"self":[{"href":"https:\/\/lahora.mx\/index.php\/wp-json\/wp\/v2\/posts\/27699","targetHints":{"allow":["GET"]}}],"collection":[{"href":"https:\/\/lahora.mx\/index.php\/wp-json\/wp\/v2\/posts"}],"about":[{"href":"https:\/\/lahora.mx\/index.php\/wp-json\/wp\/v2\/types\/post"}],"author":[{"embeddable":true,"href":"https:\/\/lahora.mx\/index.php\/wp-json\/wp\/v2\/users\/4"}],"replies":[{"embeddable":true,"href":"https:\/\/lahora.mx\/index.php\/wp-json\/wp\/v2\/comments?post=27699"}],"version-history":[{"count":1,"href":"https:\/\/lahora.mx\/index.php\/wp-json\/wp\/v2\/posts\/27699\/revisions"}],"predecessor-version":[{"id":27701,"href":"https:\/\/lahora.mx\/index.php\/wp-json\/wp\/v2\/posts\/27699\/revisions\/27701"}],"wp:featuredmedia":[{"embeddable":true,"href":"https:\/\/lahora.mx\/index.php\/wp-json\/wp\/v2\/media\/27700"}],"wp:attachment":[{"href":"https:\/\/lahora.mx\/index.php\/wp-json\/wp\/v2\/media?parent=27699"}],"wp:term":[{"taxonomy":"category","embeddable":true,"href":"https:\/\/lahora.mx\/index.php\/wp-json\/wp\/v2\/categories?post=27699"},{"taxonomy":"post_tag","embeddable":true,"href":"https:\/\/lahora.mx\/index.php\/wp-json\/wp\/v2\/tags?post=27699"}],"curies":[{"name":"wp","href":"https:\/\/api.w.org\/{rel}","templated":true}]}}