{"id":27686,"date":"2023-06-09T01:13:52","date_gmt":"2023-06-09T01:13:52","guid":{"rendered":"http:\/\/lahora.mx\/?p=27686"},"modified":"2023-06-09T01:13:53","modified_gmt":"2023-06-09T01:13:53","slug":"unam-apela-que-yasmin-esquivel-se-desista-de-otros-juicios","status":"publish","type":"post","link":"https:\/\/lahora.mx\/index.php\/2023\/06\/09\/unam-apela-que-yasmin-esquivel-se-desista-de-otros-juicios\/","title":{"rendered":"UNAM apela que Yasm\u00edn Esquivel se desista de otros juicios"},"content":{"rendered":"\n<p>Luego de que una jueza de la Ciudad de M\u00e9xico determin\u00f3 que la ministra Yasm\u00edn Esquivel Mossa es la autora de su tesis de licenciatura presentada ante la FES Arag\u00f3n de la UNAM en 1987 para titularse como licenciada en Derecho, la Universidad apel\u00f3 que se desista de otros juicios y permita al Comit\u00e9 de \u00c9tica concluir su trabajo acad\u00e9mico.<br>La UNAM indic\u00f3 que continuar\u00e1 su defensa en contra del juicio civil notificado el 27 de abril, en el que le fueron dictadas medidas que le impiden desarrollar su trabajo acad\u00e9mico, particularmente la entrega y consecuente publicidad del dictamen del Comit\u00e9 Universitario de \u00c9tica (Cu\u00e9tica) sobre la tesis profesional de la actual ministra Yasm\u00edn Esquivel, inform\u00f3 la m\u00e1xima casa de estudios que dirige Enrique Graue Wiechers.<\/p>\n\n\n\n<p>La Universidad refiri\u00f3 que este jueves 8 de junio se enter\u00f3, a trav\u00e9s de las declaraciones p\u00fablicas de los abogados de la ministra, acerca de la existencia de otro juicio abierto en contra de Edgar Ulises B\u00e1ez Guti\u00e9rrez, por el uso de derechos de autor en perjuicio de Yasm\u00edn Esquivel.<\/p>\n\n\n\n<p>\u201cAdem\u00e1s de su cuestionable procedencia, en este juicio no se incluy\u00f3 a la Universidad como parte interesada, ni se le notific\u00f3 en momento alguno. Incluso, en el bolet\u00edn judicial publicado este d\u00eda, el expediente se encuentra clasificado como \u2018secreto\u2019\u201d, se\u00f1al\u00f3 la Universidad.<\/p>\n\n\n\n<p>\u201cLos alcances de esta sentencia, por tanto, no obligan a la Universidad ni comprometen sus funciones acad\u00e9micas sustantivas. Esto debe de quedar claro para evitar confusiones ante la opini\u00f3n p\u00fablica.<br>\u201cLa UNAM continuar\u00e1 su defensa en contra del juicio civil notificado el 27 de abril, en el que le fueron dictadas medidas que le impiden desarrollar su trabajo acad\u00e9mico, particularmente la entrega y consecuente publicidad del dictamen del Comit\u00e9 Universitario de \u00c9tica sobre la tesis profesional de la actual ministra\u201d, apunt\u00f3.<\/p>\n\n\n\n<p>La UNAM inform\u00f3 que existen dos juicios de amparo y dos juicios civiles promovidos por los representantes legales de la ministra. \u201cDe toda esta situaci\u00f3n jur\u00eddica, que solo busca obstaculizar y retardar nuestra labor, esta casa de estudios obtuvo una resoluci\u00f3n a su favor en el primer amparo\u201d, puntualiz\u00f3.<\/p>\n\n\n\n<p>Agreg\u00f3 que existe adem\u00e1s una denuncia penal por parte de un grupo autodenominado \u201cForo Plural Jalisco\u201d en contra de la ministra Esquivel, por supuesta falsedad de declaraciones, y un proyecto en la Suprema Corte de Justicia, en manos del ministro Juan Luis Gonz\u00e1lez Alc\u00e1ntara, \u201cque plantea encausar cientos de denuncias administrativas presentadas en contra de la integridad de la ministra\u201d.<\/p>\n\n\n\n<p>\u201cLa UNAM apela a que la hoy ministra de la Suprema Corte de Justicia de la Naci\u00f3n se desista de los otros juicios existentes y permita a la Universidad y a su comit\u00e9 de \u00e9tica concluir su trabajo acad\u00e9mico, en seguimiento a lo argumentado por el vig\u00e9simo primer Tribunal Colegiado en materia administrativa, del Primer Circuito del Poder Judicial Federal, del cual ella es una autoridad superior\u201d, dijo la m\u00e1xima casa de estudios.<\/p>\n","protected":false},"excerpt":{"rendered":"<p>Luego de que una jueza de la Ciudad de M\u00e9xico determin\u00f3 que la ministra Yasm\u00edn Esquivel Mossa es la autora de su tesis de licenciatura presentada ante la FES Arag\u00f3n de la UNAM en 1987 para titularse como licenciada en Derecho, la Universidad apel\u00f3 que se desista de otros juicios y permita al Comit\u00e9 de [&hellip;]<\/p>\n","protected":false},"author":4,"featured_media":27687,"comment_status":"open","ping_status":"open","sticky":false,"template":"","format":"standard","meta":{"om_disable_all_campaigns":false,"_monsterinsights_skip_tracking":false,"_monsterinsights_sitenote_active":false,"_monsterinsights_sitenote_note":"","_monsterinsights_sitenote_category":0,"footnotes":""},"categories":[176],"tags":[],"class_list":["post-27686","post","type-post","status-publish","format-standard","has-post-thumbnail","hentry","category-nacional"],"amp_enabled":true,"_links":{"self":[{"href":"https:\/\/lahora.mx\/index.php\/wp-json\/wp\/v2\/posts\/27686","targetHints":{"allow":["GET"]}}],"collection":[{"href":"https:\/\/lahora.mx\/index.php\/wp-json\/wp\/v2\/posts"}],"about":[{"href":"https:\/\/lahora.mx\/index.php\/wp-json\/wp\/v2\/types\/post"}],"author":[{"embeddable":true,"href":"https:\/\/lahora.mx\/index.php\/wp-json\/wp\/v2\/users\/4"}],"replies":[{"embeddable":true,"href":"https:\/\/lahora.mx\/index.php\/wp-json\/wp\/v2\/comments?post=27686"}],"version-history":[{"count":1,"href":"https:\/\/lahora.mx\/index.php\/wp-json\/wp\/v2\/posts\/27686\/revisions"}],"predecessor-version":[{"id":27688,"href":"https:\/\/lahora.mx\/index.php\/wp-json\/wp\/v2\/posts\/27686\/revisions\/27688"}],"wp:featuredmedia":[{"embeddable":true,"href":"https:\/\/lahora.mx\/index.php\/wp-json\/wp\/v2\/media\/27687"}],"wp:attachment":[{"href":"https:\/\/lahora.mx\/index.php\/wp-json\/wp\/v2\/media?parent=27686"}],"wp:term":[{"taxonomy":"category","embeddable":true,"href":"https:\/\/lahora.mx\/index.php\/wp-json\/wp\/v2\/categories?post=27686"},{"taxonomy":"post_tag","embeddable":true,"href":"https:\/\/lahora.mx\/index.php\/wp-json\/wp\/v2\/tags?post=27686"}],"curies":[{"name":"wp","href":"https:\/\/api.w.org\/{rel}","templated":true}]}}