{"id":27683,"date":"2023-06-09T00:35:31","date_gmt":"2023-06-09T00:35:31","guid":{"rendered":"http:\/\/lahora.mx\/?p=27683"},"modified":"2023-06-09T00:35:32","modified_gmt":"2023-06-09T00:35:32","slug":"la-gobernadora-lorena-cuellar-colaca-la-primera-piedra-para-la-construccion-del-mercado-de-pirotecnia-en-xaloztoc","status":"publish","type":"post","link":"https:\/\/lahora.mx\/index.php\/2023\/06\/09\/la-gobernadora-lorena-cuellar-colaca-la-primera-piedra-para-la-construccion-del-mercado-de-pirotecnia-en-xaloztoc\/","title":{"rendered":"La Gobernadora Lorena Cu\u00e9llar colaca la primera piedra para la construcci\u00f3n del mercado de pirotecnia en Xaloztoc"},"content":{"rendered":"\n<p>La titular del Ejecutivo local, Lorena Cu\u00e9llar Cisneros, en compa\u00f1\u00eda de autoridades federales, estatales y municipales, coloc\u00f3 la primera piedra para la construcci\u00f3n del mercado de pirotecnia que estar\u00e1 ubicado sobre la carretera Xaloztoc\u2013Terrenate, en el ejido \u201cLa Concha\u201d del municipio de Xaloztoc.<\/p>\n\n\n\n<p>En su mensaje, dio a conocer que el principal objetivo de la edificaci\u00f3n es coadyuvar a erradicar la fabricaci\u00f3n informal de productos pirot\u00e9cnicos, adem\u00e1s de ofrecer un espacio seguro y regulado con las medidas correspondientes al giro comercial.<\/p>\n\n\n\n<p>Cu\u00e9llar Cisneros a\u00f1adi\u00f3 que tambi\u00e9n se busca fomentar el turismo seguro y el fortalecimiento de la actividad econ\u00f3mica, a trav\u00e9s de espect\u00e1culos nocturnos con fuegos artificiales en escenarios espec\u00edficos para que lo admiren visitantes y turistas que arriben a la entidad.<\/p>\n\n\n\n<p>Con el inicio de la construcci\u00f3n, el gobierno que encabeza da muestra de la voluntad y coordinaci\u00f3n entre las autoridades competentes para garantizar la seguridad laboral de quienes elaboran este material, adem\u00e1s de que se les ofrecer\u00e1 la capacitaci\u00f3n necesaria para evitar incidentes lamentables.<\/p>\n\n\n\n<p>Durante su intervenci\u00f3n, el titular de la Coordinaci\u00f3n Estatal de Protecci\u00f3n Civil (CEPC), Juvencio Nieto Galicia indic\u00f3 que desde el inicio de la administraci\u00f3n se comenz\u00f3 con los trabajos preventivos y atenci\u00f3n de este sector; por ello, se logr\u00f3 la reducci\u00f3n de hasta 93 por ciento de los accidentes y fallecimientos por pirotecnia.<\/p>\n\n\n\n<p>Expuso que han sostenido mesas de trabajo con 30 fabricantes de pirotecnia para articular esfuerzos en la prevenci\u00f3n de riesgos y, al mismo tiempo, participen en la consolidaci\u00f3n del mercado de pirotecnia.<\/p>\n\n\n\n<p>El subdirector de programas especiales de la Coordinaci\u00f3n Nacional de Protecci\u00f3n Civil (CNCP), Dar\u00edo Carranza Castro, destac\u00f3 la importancia de ofrecer las condiciones para que se realice este oficio con el menor de los riesgos, pues reconoci\u00f3 que esta actividad mantiene a muchas familias en el pa\u00eds.<\/p>\n\n\n\n<p>Reconoci\u00f3 el trabajo de las autoridades estatales para llevar a cabo esta construcci\u00f3n, as\u00ed como el inter\u00e9s y concientizaci\u00f3n de la poblaci\u00f3n para implementar medidas de seguridad.<\/p>\n\n\n\n<p>En tanto, el alcalde de Xaloztoc, Rafael Coca V\u00e1zquez precis\u00f3 que son alrededor de 2 mil 500 habitantes los que se ver\u00e1n beneficiados con la prevenci\u00f3n del riesgo del uso y manipulaci\u00f3n de p\u00f3lvora para la fabricaci\u00f3n de fuegos artificiales.<\/p>\n\n\n\n<p>Por \u00faltimo, el representante del grupo pirot\u00e9cnico, Iv\u00e1n Fern\u00e1ndez Guarneros agradeci\u00f3 el apoyo de las autoridades para construir dicho mercado. \u201cNosotros, a trav\u00e9s de muchos a\u00f1os, de generaci\u00f3n en generaci\u00f3n, hab\u00edamos solicitado este tema del mercado\u201d.<\/p>\n\n\n\n<p>Cabe mencionar que se contar\u00e1 con el apoyo del Instituto Mexiquense de la Pirotecnia (IMP) para garantizar que el lugar cuente con las medidas urbanas de seguridad necesarias, que no haya poblaci\u00f3n circundante en peligro y establecer centros de trabajo en concordancia con la normatividad aplicable al giro.<\/p>\n","protected":false},"excerpt":{"rendered":"<p>La titular del Ejecutivo local, Lorena Cu\u00e9llar Cisneros, en compa\u00f1\u00eda de autoridades federales, estatales y municipales, coloc\u00f3 la primera piedra para la construcci\u00f3n del mercado de pirotecnia que estar\u00e1 ubicado sobre la carretera Xaloztoc\u2013Terrenate, en el ejido \u201cLa Concha\u201d del municipio de Xaloztoc. En su mensaje, dio a conocer que el principal objetivo de la [&hellip;]<\/p>\n","protected":false},"author":4,"featured_media":27684,"comment_status":"open","ping_status":"open","sticky":false,"template":"","format":"standard","meta":{"om_disable_all_campaigns":false,"_monsterinsights_skip_tracking":false,"_monsterinsights_sitenote_active":false,"_monsterinsights_sitenote_note":"","_monsterinsights_sitenote_category":0,"footnotes":""},"categories":[175],"tags":[223,210],"class_list":["post-27683","post","type-post","status-publish","format-standard","has-post-thumbnail","hentry","category-local","tag-puebla","tag-tlaxcala"],"amp_enabled":true,"_links":{"self":[{"href":"https:\/\/lahora.mx\/index.php\/wp-json\/wp\/v2\/posts\/27683","targetHints":{"allow":["GET"]}}],"collection":[{"href":"https:\/\/lahora.mx\/index.php\/wp-json\/wp\/v2\/posts"}],"about":[{"href":"https:\/\/lahora.mx\/index.php\/wp-json\/wp\/v2\/types\/post"}],"author":[{"embeddable":true,"href":"https:\/\/lahora.mx\/index.php\/wp-json\/wp\/v2\/users\/4"}],"replies":[{"embeddable":true,"href":"https:\/\/lahora.mx\/index.php\/wp-json\/wp\/v2\/comments?post=27683"}],"version-history":[{"count":1,"href":"https:\/\/lahora.mx\/index.php\/wp-json\/wp\/v2\/posts\/27683\/revisions"}],"predecessor-version":[{"id":27685,"href":"https:\/\/lahora.mx\/index.php\/wp-json\/wp\/v2\/posts\/27683\/revisions\/27685"}],"wp:featuredmedia":[{"embeddable":true,"href":"https:\/\/lahora.mx\/index.php\/wp-json\/wp\/v2\/media\/27684"}],"wp:attachment":[{"href":"https:\/\/lahora.mx\/index.php\/wp-json\/wp\/v2\/media?parent=27683"}],"wp:term":[{"taxonomy":"category","embeddable":true,"href":"https:\/\/lahora.mx\/index.php\/wp-json\/wp\/v2\/categories?post=27683"},{"taxonomy":"post_tag","embeddable":true,"href":"https:\/\/lahora.mx\/index.php\/wp-json\/wp\/v2\/tags?post=27683"}],"curies":[{"name":"wp","href":"https:\/\/api.w.org\/{rel}","templated":true}]}}