{"id":27680,"date":"2023-06-09T00:28:51","date_gmt":"2023-06-09T00:28:51","guid":{"rendered":"http:\/\/lahora.mx\/?p=27680"},"modified":"2023-06-09T00:28:51","modified_gmt":"2023-06-09T00:28:51","slug":"apoyo-del-partido-verde-en-puebla-para-marcelo-ebrard-jimmy-natale","status":"publish","type":"post","link":"https:\/\/lahora.mx\/index.php\/2023\/06\/09\/apoyo-del-partido-verde-en-puebla-para-marcelo-ebrard-jimmy-natale\/","title":{"rendered":"Apoyo del Partido Verde en Puebla, para Marcelo Ebrard: Jimmy Natale"},"content":{"rendered":"\n<p>El dirigente estatal del Partido Verde Ecologista de M\u00e9xico, Jimmy Natale Uranga indic\u00f3 que hasta el momento 31 de las 32 dirigencias estatales le han dado el respaldo al canciller Marcelo Ebrard, quien despu\u00e9s del 15 de junio har\u00e1 m\u00e1s visitas a Puebla.<\/p>\n\n\n\n<p>En entrevista al ser cuestionado luego de que en un encuentro nacional del partido le colocaron un chaleco verde a Claudia Sheinbaum Pardo, aclar\u00f3 que fue la dirigencia de la Ciudad de M\u00e9xico la que tom\u00f3 la iniciativa, pero no se representa el sentir de las otras 31 dirigencias.<\/p>\n\n\n\n<p>Manifest\u00f3 que hasta ahora la mejor opci\u00f3n para la candidatura al 2024 es el canciller Marcelo Ebrard y anunci\u00f3 que su presencia en el estado ser\u00e1 mayor en las pr\u00f3ximas semanas luego de que se separar\u00e1 del cargo.<\/p>\n\n\n\n<p>Aclar\u00f3 que como ciudadano lo mejor que le puede venir para el pa\u00eds se llama Marcelo Ebrard, y se\u00f1al\u00f3 que ser\u00eda la persona ideal para conducir los trabajo de la rep\u00fablica.<\/p>\n\n\n\n<p>Precis\u00f3 que como dirigente del Partido Verde esperar\u00e1n los tiempos para definir si se va o no en alianza, y si Morena pone la candidata o el candidato se va a aponer para la presidencia de la rep\u00fablica<\/p>\n\n\n\n<p>Insisti\u00f3 que de las manifestaciones que se han hecho a favor de la jefa de gobierno, se respetan, adem\u00e1s de que en Puebla hay un gobernador de altura que ha recibido a Marcelo Ebrard, a Monreal, a Ad\u00e1n Augusto, y a la jefa de gobierno.<\/p>\n","protected":false},"excerpt":{"rendered":"<p>El dirigente estatal del Partido Verde Ecologista de M\u00e9xico, Jimmy Natale Uranga indic\u00f3 que hasta el momento 31 de las 32 dirigencias estatales le han dado el respaldo al canciller Marcelo Ebrard, quien despu\u00e9s del 15 de junio har\u00e1 m\u00e1s visitas a Puebla. En entrevista al ser cuestionado luego de que en un encuentro nacional [&hellip;]<\/p>\n","protected":false},"author":4,"featured_media":27681,"comment_status":"open","ping_status":"open","sticky":false,"template":"","format":"standard","meta":{"om_disable_all_campaigns":false,"_monsterinsights_skip_tracking":false,"_monsterinsights_sitenote_active":false,"_monsterinsights_sitenote_note":"","_monsterinsights_sitenote_category":0,"footnotes":""},"categories":[175],"tags":[223],"class_list":["post-27680","post","type-post","status-publish","format-standard","has-post-thumbnail","hentry","category-local","tag-puebla"],"amp_enabled":true,"_links":{"self":[{"href":"https:\/\/lahora.mx\/index.php\/wp-json\/wp\/v2\/posts\/27680","targetHints":{"allow":["GET"]}}],"collection":[{"href":"https:\/\/lahora.mx\/index.php\/wp-json\/wp\/v2\/posts"}],"about":[{"href":"https:\/\/lahora.mx\/index.php\/wp-json\/wp\/v2\/types\/post"}],"author":[{"embeddable":true,"href":"https:\/\/lahora.mx\/index.php\/wp-json\/wp\/v2\/users\/4"}],"replies":[{"embeddable":true,"href":"https:\/\/lahora.mx\/index.php\/wp-json\/wp\/v2\/comments?post=27680"}],"version-history":[{"count":1,"href":"https:\/\/lahora.mx\/index.php\/wp-json\/wp\/v2\/posts\/27680\/revisions"}],"predecessor-version":[{"id":27682,"href":"https:\/\/lahora.mx\/index.php\/wp-json\/wp\/v2\/posts\/27680\/revisions\/27682"}],"wp:featuredmedia":[{"embeddable":true,"href":"https:\/\/lahora.mx\/index.php\/wp-json\/wp\/v2\/media\/27681"}],"wp:attachment":[{"href":"https:\/\/lahora.mx\/index.php\/wp-json\/wp\/v2\/media?parent=27680"}],"wp:term":[{"taxonomy":"category","embeddable":true,"href":"https:\/\/lahora.mx\/index.php\/wp-json\/wp\/v2\/categories?post=27680"},{"taxonomy":"post_tag","embeddable":true,"href":"https:\/\/lahora.mx\/index.php\/wp-json\/wp\/v2\/tags?post=27680"}],"curies":[{"name":"wp","href":"https:\/\/api.w.org\/{rel}","templated":true}]}}