{"id":27674,"date":"2023-06-08T23:41:18","date_gmt":"2023-06-08T23:41:18","guid":{"rendered":"http:\/\/lahora.mx\/?p=27674"},"modified":"2023-06-08T23:41:18","modified_gmt":"2023-06-08T23:41:18","slug":"detenida-por-allanamiento-a-oficina-de-marco-aurelio-ramirez-no-esta-relacionada-con-su-asesinato-fge","status":"publish","type":"post","link":"https:\/\/lahora.mx\/index.php\/2023\/06\/08\/detenida-por-allanamiento-a-oficina-de-marco-aurelio-ramirez-no-esta-relacionada-con-su-asesinato-fge\/","title":{"rendered":"Detenida por allanamiento a oficina de Marco Aurelio Ram\u00edrez, no esta relacionada con su asesinato: FGE"},"content":{"rendered":"\n<p>El fiscal general Gilberto Higuera Bernal revel\u00f3 que una mujer que habitaba en el lugar donde tambi\u00e9n ten\u00eda su oficina el periodista Marco Aurelio Ram\u00edrez Hern\u00e1ndez asesinado en mayo de este a\u00f1o, sustrajo algunos bienes entre ellos dinero, por ello es que fue detenida por la polic\u00eda municipal, el funcionario precis\u00f3 que por el momento esta detenci\u00f3n no tiene relaci\u00f3n con el homicidio.<\/p>\n\n\n\n<p>Fue este d\u00eda en rueda de prensa que el titular de la Fiscal\u00eda General del Estado precis\u00f3 que la detenci\u00f3n que ocurri\u00f3 el pasado martes en Tehuac\u00e1n porque una persona ingres\u00f3 ilegalmente a la oficina del tambi\u00e9n ex funcionario, por el momento no tiene relaci\u00f3n con su asesinato.<\/p>\n\n\n\n<p>\u00abLa investigaci\u00f3n por el homicidio de Marco Aurelio se ha esclarecido sobre quienes cometieron el hecho, solicitamos ordenes de aprehensi\u00f3n, las hemos obtenido y estamos trabajando en ello, lo ocurrido en la disputa por un bien inmueble entre familiares de Marco Aurelio y en particular de una sobrina y su hija tiene que ver con un asunto diferente\u00bb, dijo.<\/p>\n\n\n\n<p>Mencion\u00f3 que fue una persona que habita en el lugar donde tambi\u00e9n ten\u00eda su oficina el periodista, de ese lugar sustrajo algunos bienes en el marco de la disputa por la propiedad del inmueble.<\/p>\n","protected":false},"excerpt":{"rendered":"<p>El fiscal general Gilberto Higuera Bernal revel\u00f3 que una mujer que habitaba en el lugar donde tambi\u00e9n ten\u00eda su oficina el periodista Marco Aurelio Ram\u00edrez Hern\u00e1ndez asesinado en mayo de este a\u00f1o, sustrajo algunos bienes entre ellos dinero, por ello es que fue detenida por la polic\u00eda municipal, el funcionario precis\u00f3 que por el momento [&hellip;]<\/p>\n","protected":false},"author":4,"featured_media":27675,"comment_status":"open","ping_status":"open","sticky":false,"template":"","format":"standard","meta":{"om_disable_all_campaigns":false,"_monsterinsights_skip_tracking":false,"_monsterinsights_sitenote_active":false,"_monsterinsights_sitenote_note":"","_monsterinsights_sitenote_category":0,"footnotes":""},"categories":[176],"tags":[],"class_list":["post-27674","post","type-post","status-publish","format-standard","has-post-thumbnail","hentry","category-nacional"],"amp_enabled":true,"_links":{"self":[{"href":"https:\/\/lahora.mx\/index.php\/wp-json\/wp\/v2\/posts\/27674","targetHints":{"allow":["GET"]}}],"collection":[{"href":"https:\/\/lahora.mx\/index.php\/wp-json\/wp\/v2\/posts"}],"about":[{"href":"https:\/\/lahora.mx\/index.php\/wp-json\/wp\/v2\/types\/post"}],"author":[{"embeddable":true,"href":"https:\/\/lahora.mx\/index.php\/wp-json\/wp\/v2\/users\/4"}],"replies":[{"embeddable":true,"href":"https:\/\/lahora.mx\/index.php\/wp-json\/wp\/v2\/comments?post=27674"}],"version-history":[{"count":1,"href":"https:\/\/lahora.mx\/index.php\/wp-json\/wp\/v2\/posts\/27674\/revisions"}],"predecessor-version":[{"id":27676,"href":"https:\/\/lahora.mx\/index.php\/wp-json\/wp\/v2\/posts\/27674\/revisions\/27676"}],"wp:featuredmedia":[{"embeddable":true,"href":"https:\/\/lahora.mx\/index.php\/wp-json\/wp\/v2\/media\/27675"}],"wp:attachment":[{"href":"https:\/\/lahora.mx\/index.php\/wp-json\/wp\/v2\/media?parent=27674"}],"wp:term":[{"taxonomy":"category","embeddable":true,"href":"https:\/\/lahora.mx\/index.php\/wp-json\/wp\/v2\/categories?post=27674"},{"taxonomy":"post_tag","embeddable":true,"href":"https:\/\/lahora.mx\/index.php\/wp-json\/wp\/v2\/tags?post=27674"}],"curies":[{"name":"wp","href":"https:\/\/api.w.org\/{rel}","templated":true}]}}