{"id":27671,"date":"2023-06-08T23:26:29","date_gmt":"2023-06-08T23:26:29","guid":{"rendered":"http:\/\/lahora.mx\/?p=27671"},"modified":"2023-06-08T23:26:30","modified_gmt":"2023-06-08T23:26:30","slug":"bebe-christopher-nunca-salio-de-su-casa-en-atlixco","status":"publish","type":"post","link":"https:\/\/lahora.mx\/index.php\/2023\/06\/08\/bebe-christopher-nunca-salio-de-su-casa-en-atlixco\/","title":{"rendered":"Beb\u00e9 Christopher nunca sali\u00f3 de su casa en Atlixco"},"content":{"rendered":"\n<p>El beb\u00e9 Cristopher Monroy de Le\u00f3n de 1 a\u00f1o 11 meses de edad que desapareci\u00f3 el pasado 3 de junio en el municipio de Atlixco, contin\u00faa siendo buscado por parte de las autoridades, sin embargo, existe la posibilidad de que el menor haya ca\u00eddo a un canal que est\u00e1 a un lado de su domicilio.<\/p>\n\n\n\n<p>Este d\u00eda el titular de la Fiscal\u00eda Especializada en Investigaci\u00f3n de los Delitos de Desaparici\u00f3n Forzada, Alejandro Garc\u00eda Badiola, se\u00f1al\u00f3 que ellos como instituci\u00f3n recibieron la denuncia por desaparici\u00f3n del ni\u00f1o Cristopher, por lo que tambi\u00e9n se activ\u00f3 la Alerta Amber para agilizar si b\u00fasqueda.<\/p>\n\n\n\n<p>Despu\u00e9s de la revisi\u00f3n de c\u00e1maras de vigilancia, as\u00ed como entrevistas y otros datos de prueba de investigaci\u00f3n, se constat\u00f3 que el 3 de junio el ni\u00f1o Cristhoper estaba en su domicilio con su madre y 3 personas m\u00e1s quienes observaron qu\u00e9 el menor de edad sali\u00f3 al patio siendo la \u00faltima vez que lo vieron.<\/p>\n\n\n\n<p>Se comprob\u00f3 con las grabaciones de c\u00e1maras de seguridad que el ni\u00f1o jam\u00e1s sali\u00f3 de su casa, sin embargo, en el patio hay un canal de agua que el d\u00eda de los hechos estaba muy caudaloso debido a las lluvias, por lo que existe la probabilidad de que haya ca\u00eddo al agua y lo haya arrastrado la corriente.<\/p>\n\n\n\n<p>La Fiscal\u00eda se encuentra realizando an\u00e1lisis en el lugar para saber si esto ocurri\u00f3 sin embargo la b\u00fasqueda del beb\u00e9 contin\u00faa.<\/p>\n","protected":false},"excerpt":{"rendered":"<p>El beb\u00e9 Cristopher Monroy de Le\u00f3n de 1 a\u00f1o 11 meses de edad que desapareci\u00f3 el pasado 3 de junio en el municipio de Atlixco, contin\u00faa siendo buscado por parte de las autoridades, sin embargo, existe la posibilidad de que el menor haya ca\u00eddo a un canal que est\u00e1 a un lado de su domicilio. [&hellip;]<\/p>\n","protected":false},"author":4,"featured_media":27672,"comment_status":"open","ping_status":"open","sticky":false,"template":"","format":"standard","meta":{"om_disable_all_campaigns":false,"_monsterinsights_skip_tracking":false,"_monsterinsights_sitenote_active":false,"_monsterinsights_sitenote_note":"","_monsterinsights_sitenote_category":0,"footnotes":""},"categories":[175],"tags":[223],"class_list":["post-27671","post","type-post","status-publish","format-standard","has-post-thumbnail","hentry","category-local","tag-puebla"],"amp_enabled":true,"_links":{"self":[{"href":"https:\/\/lahora.mx\/index.php\/wp-json\/wp\/v2\/posts\/27671","targetHints":{"allow":["GET"]}}],"collection":[{"href":"https:\/\/lahora.mx\/index.php\/wp-json\/wp\/v2\/posts"}],"about":[{"href":"https:\/\/lahora.mx\/index.php\/wp-json\/wp\/v2\/types\/post"}],"author":[{"embeddable":true,"href":"https:\/\/lahora.mx\/index.php\/wp-json\/wp\/v2\/users\/4"}],"replies":[{"embeddable":true,"href":"https:\/\/lahora.mx\/index.php\/wp-json\/wp\/v2\/comments?post=27671"}],"version-history":[{"count":1,"href":"https:\/\/lahora.mx\/index.php\/wp-json\/wp\/v2\/posts\/27671\/revisions"}],"predecessor-version":[{"id":27673,"href":"https:\/\/lahora.mx\/index.php\/wp-json\/wp\/v2\/posts\/27671\/revisions\/27673"}],"wp:featuredmedia":[{"embeddable":true,"href":"https:\/\/lahora.mx\/index.php\/wp-json\/wp\/v2\/media\/27672"}],"wp:attachment":[{"href":"https:\/\/lahora.mx\/index.php\/wp-json\/wp\/v2\/media?parent=27671"}],"wp:term":[{"taxonomy":"category","embeddable":true,"href":"https:\/\/lahora.mx\/index.php\/wp-json\/wp\/v2\/categories?post=27671"},{"taxonomy":"post_tag","embeddable":true,"href":"https:\/\/lahora.mx\/index.php\/wp-json\/wp\/v2\/tags?post=27671"}],"curies":[{"name":"wp","href":"https:\/\/api.w.org\/{rel}","templated":true}]}}