{"id":27668,"date":"2023-06-08T22:56:19","date_gmt":"2023-06-08T22:56:19","guid":{"rendered":"http:\/\/lahora.mx\/?p=27668"},"modified":"2023-06-08T22:56:19","modified_gmt":"2023-06-08T22:56:19","slug":"lopez-obrador-recomienda-a-xochitl-galvez-hacer-su-mananera-no-le-permitira-acceso","status":"publish","type":"post","link":"https:\/\/lahora.mx\/index.php\/2023\/06\/08\/lopez-obrador-recomienda-a-xochitl-galvez-hacer-su-mananera-no-le-permitira-acceso\/","title":{"rendered":"L\u00f3pez Obrador recomienda a X\u00f3chitl G\u00e1lvez hacer su &#8216;ma\u00f1anera&#8217;; no le permitir\u00e1 acceso"},"content":{"rendered":"\n<p>El presidente Andr\u00e9s Manuel L\u00f3pez Obardor asegur\u00f3 que no permitir\u00e1 el acceso a la senadora X\u00f3chitl G\u00e1lvez a la rueda de prensa matutina que se desarrolla en Palacio Nacional.<\/p>\n\n\n\n<p>La panista obtuvo una orden judicial otorgada por un juez que garantiza su derecho de r\u00e9plica ante las cr\u00edticas vertidas en su contra por el presidente.<\/p>\n\n\n\n<p>La orden judicial se\u00f1ala que el derecho de r\u00e9plica se debe registrar en el mismo foro en el que fueron vertidas las cr\u00edticas del titular del Ejecutivo.<\/p>\n\n\n\n<p>\u00abYo le recomendar\u00eda a la se\u00f1ora X\u00f3chitl G\u00e1lvez, pues es que convocara a sus conferencias. Que ellos tengan su ma\u00f1anera, a las siete de la ma\u00f1ana que est\u00e9 ah\u00ed, que invite a Marko Cort\u00e9s, a (Santiago) Creel.<\/p>\n\n\n\n<p>\u00abQue no venga aqu\u00ed, a querer utilizar este foro que es para informar, que es para comunicar a la gente. Ya ser\u00eda el colmo, \u00bfNo? Que nosotros le hicieramos la campa\u00f1a a los conservadores\u00bb, expuso el titular del Ejecutivo.<\/p>\n\n\n\n<p>Calific\u00f3 como \u00abuna jugarreta de muy bajo nivel\u00bb el amparo obtenido por G\u00e1lvez, pues se busca que \u00e9l incumpla con ese mandato judicial.<br>\u00abEs una jugarreta de verdad, de verdad, de muy bajo nivel, muy vulgar, porque lo que est\u00e1n buscando los abogados.<\/p>\n\n\n\n<p>\u00ab(Lo que buscan) Es que les de el amparo el Poder Judicial y que yo diga no. &#8216;\u00a1Ah! \u00a1Incumple el amparo! \u00a1No respeta el Estado de Derecho!. No es as\u00ed, es un proceso legal. Y nos reservamos el derecho de admisi\u00f3n\u00bb, enfatiz\u00f3.<\/p>\n\n\n\n<p>El titular del Ejecutivo insisti\u00f3 en que la oposici\u00f3n debe iniciar ya tambi\u00e9n el proceso para seleccionar a sus aspirantes a puestos de elecci\u00f3n popular.<\/p>\n","protected":false},"excerpt":{"rendered":"<p>El presidente Andr\u00e9s Manuel L\u00f3pez Obardor asegur\u00f3 que no permitir\u00e1 el acceso a la senadora X\u00f3chitl G\u00e1lvez a la rueda de prensa matutina que se desarrolla en Palacio Nacional. La panista obtuvo una orden judicial otorgada por un juez que garantiza su derecho de r\u00e9plica ante las cr\u00edticas vertidas en su contra por el presidente. [&hellip;]<\/p>\n","protected":false},"author":4,"featured_media":27669,"comment_status":"open","ping_status":"open","sticky":false,"template":"","format":"standard","meta":{"om_disable_all_campaigns":false,"_monsterinsights_skip_tracking":false,"_monsterinsights_sitenote_active":false,"_monsterinsights_sitenote_note":"","_monsterinsights_sitenote_category":0,"footnotes":""},"categories":[176],"tags":[],"class_list":["post-27668","post","type-post","status-publish","format-standard","has-post-thumbnail","hentry","category-nacional"],"amp_enabled":true,"_links":{"self":[{"href":"https:\/\/lahora.mx\/index.php\/wp-json\/wp\/v2\/posts\/27668","targetHints":{"allow":["GET"]}}],"collection":[{"href":"https:\/\/lahora.mx\/index.php\/wp-json\/wp\/v2\/posts"}],"about":[{"href":"https:\/\/lahora.mx\/index.php\/wp-json\/wp\/v2\/types\/post"}],"author":[{"embeddable":true,"href":"https:\/\/lahora.mx\/index.php\/wp-json\/wp\/v2\/users\/4"}],"replies":[{"embeddable":true,"href":"https:\/\/lahora.mx\/index.php\/wp-json\/wp\/v2\/comments?post=27668"}],"version-history":[{"count":1,"href":"https:\/\/lahora.mx\/index.php\/wp-json\/wp\/v2\/posts\/27668\/revisions"}],"predecessor-version":[{"id":27670,"href":"https:\/\/lahora.mx\/index.php\/wp-json\/wp\/v2\/posts\/27668\/revisions\/27670"}],"wp:featuredmedia":[{"embeddable":true,"href":"https:\/\/lahora.mx\/index.php\/wp-json\/wp\/v2\/media\/27669"}],"wp:attachment":[{"href":"https:\/\/lahora.mx\/index.php\/wp-json\/wp\/v2\/media?parent=27668"}],"wp:term":[{"taxonomy":"category","embeddable":true,"href":"https:\/\/lahora.mx\/index.php\/wp-json\/wp\/v2\/categories?post=27668"},{"taxonomy":"post_tag","embeddable":true,"href":"https:\/\/lahora.mx\/index.php\/wp-json\/wp\/v2\/tags?post=27668"}],"curies":[{"name":"wp","href":"https:\/\/api.w.org\/{rel}","templated":true}]}}