{"id":27665,"date":"2023-06-08T22:47:40","date_gmt":"2023-06-08T22:47:40","guid":{"rendered":"http:\/\/lahora.mx\/?p=27665"},"modified":"2023-06-08T22:47:40","modified_gmt":"2023-06-08T22:47:40","slug":"yasmin-esquivel-si-es-autora-de-tesis-de-licenciatura-no-plagio-expresa-jueza","status":"publish","type":"post","link":"https:\/\/lahora.mx\/index.php\/2023\/06\/08\/yasmin-esquivel-si-es-autora-de-tesis-de-licenciatura-no-plagio-expresa-jueza\/","title":{"rendered":"Yasm\u00edn Esquivel s\u00ed es autora de tesis de licenciatura, no plagi\u00f3: expresa jueza"},"content":{"rendered":"\n<p>La ministra Yasm\u00edn Esquivel no plagi\u00f3 su tesis de licenciatura, as\u00ed lo determin\u00f3 una jueza de la Ciudad de M\u00e9xico en su fallo, el cual dieron a conocer hoy 8 de junio sus abogados en una conferencia de prensa.<\/p>\n\n\n\n<p>El equipo jur\u00eddico, conformado por tres litigantes, inform\u00f3 que de acuerdo con la sentencia \u201cinapelable\u201d de la jueza Mar\u00eda Magdalena Malpica Cervantes, la integrante de la Corte es la \u201cleg\u00edtima titular de los derechos de autor\u201d de la tesis Inoperancia de los Sindicatos de los Trabajadores de Confianza del Art\u00edculo 123 Apartado A, que present\u00f3 ante la entonces ENEP Arag\u00f3n en 1987 para obtener el t\u00edtulo de licenciada en Derecho.<\/p>\n\n\n\n<p>\u201cEl fallo en cuesti\u00f3n hoy se encuentra elevado a la categor\u00eda de sentencia ejecutoria basada por autoridad de cosa juzgada y por tanto obliga a su debida observancia por parte de cualquier persona y por consecuencia al expreso reconocimiento de los derechos de autor\u00eda de la mencionada tesis en favor de nuestra representada\u201d, dijo Alejandro Romano Rasc\u00f3n, uno de los abogados.<\/p>\n\n\n\n<p>Abund\u00f3 que las pruebas presentadas ante la jueza se basaron en dict\u00e1menes de documentoscop\u00eda, grafoscop\u00eda, an\u00e1lisis de ling\u00fc\u00edstica y hermen\u00e9utica, entre otras, los cuales se valoraron y desahogaron en el proceso judicial basado en derechos de autor.<\/p>\n\n\n\n<p>Por tanto, dijo que con esta resoluci\u00f3n el proceso que inici\u00f3 el Comit\u00e9 de \u00c9tica de la UNAM debe de quedar por concluido y sin materia, ya que el fallo de la jueza determina que \u00abella es la leg\u00edtima titular de los derechos de autor de la citada obra intelectual, por lo que nadie m\u00e1s puede ostentarse como autor de la misma\u00bb.<br>En tanto, el abogado Eduardo Andrade S\u00e1nchez explic\u00f3 que el fallo de la jueza no puede ser impugado, ya que se trata de una sentencia ejecutoria y \u00abello ya implica que no existe posibilidad de echar abajo lo que se ha resuelto judicialmente de manera definitiva y firme\u00bb.<\/p>\n\n\n\n<p>\u00ab\u00bfCu\u00e1l es el efecto de esto en torno al asunto que est\u00e1 llevando? Lo hemos sostenido muchas veces, lo saben ustedes, sin competencia una instancia universitaria que no tiene facultades para resolver este tipo de casos\u00bb, dijo.<\/p>\n","protected":false},"excerpt":{"rendered":"<p>La ministra Yasm\u00edn Esquivel no plagi\u00f3 su tesis de licenciatura, as\u00ed lo determin\u00f3 una jueza de la Ciudad de M\u00e9xico en su fallo, el cual dieron a conocer hoy 8 de junio sus abogados en una conferencia de prensa. El equipo jur\u00eddico, conformado por tres litigantes, inform\u00f3 que de acuerdo con la sentencia \u201cinapelable\u201d de [&hellip;]<\/p>\n","protected":false},"author":4,"featured_media":27666,"comment_status":"open","ping_status":"open","sticky":false,"template":"","format":"standard","meta":{"om_disable_all_campaigns":false,"_monsterinsights_skip_tracking":false,"_monsterinsights_sitenote_active":false,"_monsterinsights_sitenote_note":"","_monsterinsights_sitenote_category":0,"footnotes":""},"categories":[175],"tags":[223],"class_list":["post-27665","post","type-post","status-publish","format-standard","has-post-thumbnail","hentry","category-local","tag-puebla"],"amp_enabled":true,"_links":{"self":[{"href":"https:\/\/lahora.mx\/index.php\/wp-json\/wp\/v2\/posts\/27665","targetHints":{"allow":["GET"]}}],"collection":[{"href":"https:\/\/lahora.mx\/index.php\/wp-json\/wp\/v2\/posts"}],"about":[{"href":"https:\/\/lahora.mx\/index.php\/wp-json\/wp\/v2\/types\/post"}],"author":[{"embeddable":true,"href":"https:\/\/lahora.mx\/index.php\/wp-json\/wp\/v2\/users\/4"}],"replies":[{"embeddable":true,"href":"https:\/\/lahora.mx\/index.php\/wp-json\/wp\/v2\/comments?post=27665"}],"version-history":[{"count":1,"href":"https:\/\/lahora.mx\/index.php\/wp-json\/wp\/v2\/posts\/27665\/revisions"}],"predecessor-version":[{"id":27667,"href":"https:\/\/lahora.mx\/index.php\/wp-json\/wp\/v2\/posts\/27665\/revisions\/27667"}],"wp:featuredmedia":[{"embeddable":true,"href":"https:\/\/lahora.mx\/index.php\/wp-json\/wp\/v2\/media\/27666"}],"wp:attachment":[{"href":"https:\/\/lahora.mx\/index.php\/wp-json\/wp\/v2\/media?parent=27665"}],"wp:term":[{"taxonomy":"category","embeddable":true,"href":"https:\/\/lahora.mx\/index.php\/wp-json\/wp\/v2\/categories?post=27665"},{"taxonomy":"post_tag","embeddable":true,"href":"https:\/\/lahora.mx\/index.php\/wp-json\/wp\/v2\/tags?post=27665"}],"curies":[{"name":"wp","href":"https:\/\/api.w.org\/{rel}","templated":true}]}}