{"id":27622,"date":"2023-06-08T03:10:09","date_gmt":"2023-06-08T03:10:09","guid":{"rendered":"http:\/\/lahora.mx\/?p=27622"},"modified":"2023-06-08T03:10:10","modified_gmt":"2023-06-08T03:10:10","slug":"clases-en-sabado-17-de-junio-esta-es-la-razon","status":"publish","type":"post","link":"https:\/\/lahora.mx\/index.php\/2023\/06\/08\/clases-en-sabado-17-de-junio-esta-es-la-razon\/","title":{"rendered":"Clases en s\u00e1bado 17 de junio: esta es la raz\u00f3n"},"content":{"rendered":"\n<p>Alumnas y alumnos de los niveles primaria y secundaria en educaci\u00f3n b\u00e1sica deber\u00e1n acudir a clases en s\u00e1bado a petici\u00f3n de la Secretar\u00eda de Educaci\u00f3n P\u00fablica (SEP).<\/p>\n\n\n\n<p>Esta cita extraoficial dirigida a todo el alumnado del pa\u00eds est\u00e1 fechada para el pr\u00f3ximo s\u00e1bado 17 de junio y se debe a una jornada de actividades para impulsar la campa\u00f1a contra el consumo de drogas denominada \u201cSi te drogas, te da\u00f1as\u201d.<br>Leticia Ram\u00edrez, titular de la SEP nacional, indic\u00f3 el pasado martes en conferencia de prensa que la cita tiene como prop\u00f3sito prevenir el consumo de drogas en ni\u00f1as, ni\u00f1os y adolescentes a trav\u00e9s de actividades culturales, informativas y deportivas.<\/p>\n\n\n\n<p>Las actividades a desarrollar tambi\u00e9n est\u00e1n enfocadas en fortalecer el autocuidado y la autoestima de los discentes, as\u00ed como su salud emocional. Se tocar\u00e1 tambi\u00e9n el tema de la participaci\u00f3n de las familias y el trabajo con la comunidad.<\/p>\n\n\n\n<p>Clases en s\u00e1bado SEP: \u00bfcu\u00e1ndo y d\u00f3nde asistir?<\/p>\n\n\n\n<p>La cita para el alumnado de nivel primaria y secundaria ser\u00e1 en sus respectivos planteles educativos a partir de las 10:00 de la ma\u00f1ana.<\/p>\n\n\n\n<p>Este evento de car\u00e1cter nacional abarca a cada una de las 32 entidades en el pa\u00eds para tratar la estrategia \u201cSi te drogas, te da\u00f1as\u201d.<\/p>\n\n\n\n<p>\u201cEl prop\u00f3sito del encuentro es mostrar una fuerza nacional a favor del bienestar y cuidado de ni\u00f1as, ni\u00f1os, adolescentes y j\u00f3venes\u201d, indic\u00f3 la SEP.<\/p>\n\n\n\n<p>Campa\u00f1a antidrogas en escuelas de M\u00e9xico<br>La Secretar\u00eda de Educaci\u00f3n P\u00fablica anunci\u00f3 desde el pasado 28 de marzo la implementaci\u00f3n de la campa\u00f1a \u201cSi te drogas, te da\u00f1as\u201d que busca informar y prevenir las adicciones en escuelas de nivel b\u00e1sico y medio superior.<\/p>\n\n\n\n<p>Esta campa\u00f1a pretende llegar a 6 millones 200 mil estudiantes del nivel secundaria y 5 millones 300 alumnos de media superior, as\u00ed como a docentes y padres de familia que ya cuentan con gu\u00edas y ejemplares de las \u201cOrientaciones para madres, padres y familias\u201d.<br>Las clases en s\u00e1bado pertenecientes a la campa\u00f1a antidrogas en escuelas de M\u00e9xico contar\u00e1 con la participaci\u00f3n de distintas secretar\u00edas como la de Educaci\u00f3n y Salud; la Coordinaci\u00f3n General de Comunicaci\u00f3n Social de Presidencia, entre otras.<\/p>\n","protected":false},"excerpt":{"rendered":"<p>Alumnas y alumnos de los niveles primaria y secundaria en educaci\u00f3n b\u00e1sica deber\u00e1n acudir a clases en s\u00e1bado a petici\u00f3n de la Secretar\u00eda de Educaci\u00f3n P\u00fablica (SEP). Esta cita extraoficial dirigida a todo el alumnado del pa\u00eds est\u00e1 fechada para el pr\u00f3ximo s\u00e1bado 17 de junio y se debe a una jornada de actividades para [&hellip;]<\/p>\n","protected":false},"author":4,"featured_media":27624,"comment_status":"open","ping_status":"open","sticky":false,"template":"","format":"standard","meta":{"om_disable_all_campaigns":false,"_monsterinsights_skip_tracking":false,"_monsterinsights_sitenote_active":false,"_monsterinsights_sitenote_note":"","_monsterinsights_sitenote_category":0,"footnotes":""},"categories":[176],"tags":[195],"class_list":["post-27622","post","type-post","status-publish","format-standard","has-post-thumbnail","hentry","category-nacional","tag-principal"],"amp_enabled":true,"_links":{"self":[{"href":"https:\/\/lahora.mx\/index.php\/wp-json\/wp\/v2\/posts\/27622","targetHints":{"allow":["GET"]}}],"collection":[{"href":"https:\/\/lahora.mx\/index.php\/wp-json\/wp\/v2\/posts"}],"about":[{"href":"https:\/\/lahora.mx\/index.php\/wp-json\/wp\/v2\/types\/post"}],"author":[{"embeddable":true,"href":"https:\/\/lahora.mx\/index.php\/wp-json\/wp\/v2\/users\/4"}],"replies":[{"embeddable":true,"href":"https:\/\/lahora.mx\/index.php\/wp-json\/wp\/v2\/comments?post=27622"}],"version-history":[{"count":1,"href":"https:\/\/lahora.mx\/index.php\/wp-json\/wp\/v2\/posts\/27622\/revisions"}],"predecessor-version":[{"id":27633,"href":"https:\/\/lahora.mx\/index.php\/wp-json\/wp\/v2\/posts\/27622\/revisions\/27633"}],"wp:featuredmedia":[{"embeddable":true,"href":"https:\/\/lahora.mx\/index.php\/wp-json\/wp\/v2\/media\/27624"}],"wp:attachment":[{"href":"https:\/\/lahora.mx\/index.php\/wp-json\/wp\/v2\/media?parent=27622"}],"wp:term":[{"taxonomy":"category","embeddable":true,"href":"https:\/\/lahora.mx\/index.php\/wp-json\/wp\/v2\/categories?post=27622"},{"taxonomy":"post_tag","embeddable":true,"href":"https:\/\/lahora.mx\/index.php\/wp-json\/wp\/v2\/tags?post=27622"}],"curies":[{"name":"wp","href":"https:\/\/api.w.org\/{rel}","templated":true}]}}