{"id":27619,"date":"2023-06-08T03:10:16","date_gmt":"2023-06-08T03:10:16","guid":{"rendered":"http:\/\/lahora.mx\/?p=27619"},"modified":"2023-06-08T03:10:17","modified_gmt":"2023-06-08T03:10:17","slug":"lopez-obrador-se-reune-con-secretario-de-transporte-de-eu","status":"publish","type":"post","link":"https:\/\/lahora.mx\/index.php\/2023\/06\/08\/lopez-obrador-se-reune-con-secretario-de-transporte-de-eu\/","title":{"rendered":"L\u00f3pez Obrador se re\u00fane con secretario de Transporte de EU"},"content":{"rendered":"\n<p>El presidente de M\u00e9xico, Andr\u00e9s Manuel L\u00f3pez Obrador, detall\u00f3 los temas abordados con el secretario de transporte de los Estados Unidos, Pete Buttigieg.<\/p>\n\n\n\n<p>Luego de reunirse con el funcionario estadounidense en la base militar a\u00e9rea de Santa Luc\u00eda y a escasos minutos de haber regresado a Palacio Nacional, el presidente comparti\u00f3 a trav\u00e9s de redes sociales que se trat\u00f3 de un encuentro \u201crespetuoso y propositivo\u201d.<\/p>\n\n\n\n<p>\u201cMe reun\u00ed con Pete Buttigieg, secretario de Transporte del gobierno de Estados Unidos.<\/p>\n\n\n\n<p>Tratamos, en plan respetuoso y propositivo, el traslado de aerol\u00edneas de carga al Aeropuerto Internacional Felipe \u00c1ngeles y el regreso del Aeropuerto Internacional Benito Ju\u00e1rez a la categor\u00eda 1\u201d.<\/p>\n\n\n\n<p>L\u00f3pez Obrador concluy\u00f3 el breve mensaje destacando que \u201cel secretario es una persona inteligente y gentil\u201d.<\/p>\n\n\n\n<p>El embajador de los Estados Unidos en M\u00e9xico, Ken Salazar, estuvo presente en la reuni\u00f3n de trabajo, as\u00ed como el secretario de la defensa nacional, Luis Crescencia Sandoval Gonz\u00e1lez; el secretario de Marina, Rafael Ojeda Dur\u00e1n as\u00ed como el secretario de relaciones exteriores, Marcelo Ebrard Casaub\u00f3n, entre otros funcionarios.<\/p>\n","protected":false},"excerpt":{"rendered":"<p>El presidente de M\u00e9xico, Andr\u00e9s Manuel L\u00f3pez Obrador, detall\u00f3 los temas abordados con el secretario de transporte de los Estados Unidos, Pete Buttigieg. Luego de reunirse con el funcionario estadounidense en la base militar a\u00e9rea de Santa Luc\u00eda y a escasos minutos de haber regresado a Palacio Nacional, el presidente comparti\u00f3 a trav\u00e9s de redes [&hellip;]<\/p>\n","protected":false},"author":4,"featured_media":27620,"comment_status":"open","ping_status":"open","sticky":false,"template":"","format":"standard","meta":{"om_disable_all_campaigns":false,"_monsterinsights_skip_tracking":false,"_monsterinsights_sitenote_active":false,"_monsterinsights_sitenote_note":"","_monsterinsights_sitenote_category":0,"footnotes":""},"categories":[176],"tags":[],"class_list":["post-27619","post","type-post","status-publish","format-standard","has-post-thumbnail","hentry","category-nacional"],"amp_enabled":true,"_links":{"self":[{"href":"https:\/\/lahora.mx\/index.php\/wp-json\/wp\/v2\/posts\/27619","targetHints":{"allow":["GET"]}}],"collection":[{"href":"https:\/\/lahora.mx\/index.php\/wp-json\/wp\/v2\/posts"}],"about":[{"href":"https:\/\/lahora.mx\/index.php\/wp-json\/wp\/v2\/types\/post"}],"author":[{"embeddable":true,"href":"https:\/\/lahora.mx\/index.php\/wp-json\/wp\/v2\/users\/4"}],"replies":[{"embeddable":true,"href":"https:\/\/lahora.mx\/index.php\/wp-json\/wp\/v2\/comments?post=27619"}],"version-history":[{"count":1,"href":"https:\/\/lahora.mx\/index.php\/wp-json\/wp\/v2\/posts\/27619\/revisions"}],"predecessor-version":[{"id":27634,"href":"https:\/\/lahora.mx\/index.php\/wp-json\/wp\/v2\/posts\/27619\/revisions\/27634"}],"wp:featuredmedia":[{"embeddable":true,"href":"https:\/\/lahora.mx\/index.php\/wp-json\/wp\/v2\/media\/27620"}],"wp:attachment":[{"href":"https:\/\/lahora.mx\/index.php\/wp-json\/wp\/v2\/media?parent=27619"}],"wp:term":[{"taxonomy":"category","embeddable":true,"href":"https:\/\/lahora.mx\/index.php\/wp-json\/wp\/v2\/categories?post=27619"},{"taxonomy":"post_tag","embeddable":true,"href":"https:\/\/lahora.mx\/index.php\/wp-json\/wp\/v2\/tags?post=27619"}],"curies":[{"name":"wp","href":"https:\/\/api.w.org\/{rel}","templated":true}]}}