{"id":27616,"date":"2023-06-07T23:54:55","date_gmt":"2023-06-07T23:54:55","guid":{"rendered":"http:\/\/lahora.mx\/?p=27616"},"modified":"2023-06-07T23:54:56","modified_gmt":"2023-06-07T23:54:56","slug":"se-confirma-detencion-de-una-persona-por-allanamiento-a-oficina-de-marco-aurelio","status":"publish","type":"post","link":"https:\/\/lahora.mx\/index.php\/2023\/06\/07\/se-confirma-detencion-de-una-persona-por-allanamiento-a-oficina-de-marco-aurelio\/","title":{"rendered":"Se confirma detenci\u00f3n de una persona por allanamiento a oficina de Marco Aurelio"},"content":{"rendered":"\n<p>El fiscal de Puebla, Gilberto Higuera Bernal, confirm\u00f3 la detenci\u00f3n de una persona por el allanamiento a la oficina del periodista Marco Aurelio Ram\u00edrez, asesinado el pasado 23 de mayo en Tehuac\u00e1n.<\/p>\n\n\n\n<p>El funcionario estatal se\u00f1al\u00f3 que los familiares del comunicador presentaron ya la denuncia correspondiente por este hecho.<\/p>\n\n\n\n<p>\u201cLa fiscal\u00eda tuvo conocimiento que fue una persona que habitaba un lugar donde creo hab\u00eda una oficina de Marco Aurelio y que esa persona puso fuera del inmueble esos objetos, pero la Polic\u00eda Municipal intervino al llamado de la ofendida, de la hija, y denunciaron el hecho con nosotros\u201d.<br>Sin embargo, el fiscal se\u00f1al\u00f3 que desconoce si hubo o no sustracci\u00f3n o p\u00e9rdida de expedientes vitales respecto a la investigaci\u00f3n del homicidio de Marco Aurelio Ram\u00edrez.<\/p>\n\n\n\n<p>\u201cNo s\u00e9 si se perdieron o no porque a nosotros s\u00f3lo nos ponen a disposici\u00f3n lo que encuentra la polic\u00eda\u201d.<br>Fue la tarde de ayer cuando Diana Luisa Ram\u00edrez, hija de Marco Aurelio, acus\u00f3 a la sobrina del comunicador de vaciar la oficina de su padre y de presuntamente desaparecer archivos relevantes para la investigaci\u00f3n del homicidio.<\/p>\n\n\n\n<p>Se\u00f1al\u00f3 que varias de las cosas que su pap\u00e1 ten\u00eda en resguardo fueron sacadas a la calle sin ninguna orden de desalojo de por medio. Lo m\u00e1s alarmante, dijo, es que archivos que entregar\u00edan a la Fiscal\u00eda General del Estado (FGE), que corresponden a la l\u00ednea de investigaci\u00f3n por el asesinato de su padre, estaban abiertos.<\/p>\n\n\n\n<p>Finalmente, en torno a la investigaci\u00f3n del asesinato de Marco Aurelio Ram\u00edrez, el fiscal reiter\u00f3 que se tienen plenamente identificados a los responsables, aunque evadi\u00f3 responder sobre la captura de los mismos y el m\u00f3vil de la ejecuci\u00f3n; se\u00f1al\u00f3 que ser\u00e1 ma\u00f1ana jueves 8 de junio cuando ofrezca detalles en una conferencia de prensa.<\/p>\n","protected":false},"excerpt":{"rendered":"<p>El fiscal de Puebla, Gilberto Higuera Bernal, confirm\u00f3 la detenci\u00f3n de una persona por el allanamiento a la oficina del periodista Marco Aurelio Ram\u00edrez, asesinado el pasado 23 de mayo en Tehuac\u00e1n. El funcionario estatal se\u00f1al\u00f3 que los familiares del comunicador presentaron ya la denuncia correspondiente por este hecho. \u201cLa fiscal\u00eda tuvo conocimiento que fue [&hellip;]<\/p>\n","protected":false},"author":4,"featured_media":27617,"comment_status":"open","ping_status":"open","sticky":false,"template":"","format":"standard","meta":{"om_disable_all_campaigns":false,"_monsterinsights_skip_tracking":false,"_monsterinsights_sitenote_active":false,"_monsterinsights_sitenote_note":"","_monsterinsights_sitenote_category":0,"footnotes":""},"categories":[176],"tags":[],"class_list":["post-27616","post","type-post","status-publish","format-standard","has-post-thumbnail","hentry","category-nacional"],"amp_enabled":true,"_links":{"self":[{"href":"https:\/\/lahora.mx\/index.php\/wp-json\/wp\/v2\/posts\/27616","targetHints":{"allow":["GET"]}}],"collection":[{"href":"https:\/\/lahora.mx\/index.php\/wp-json\/wp\/v2\/posts"}],"about":[{"href":"https:\/\/lahora.mx\/index.php\/wp-json\/wp\/v2\/types\/post"}],"author":[{"embeddable":true,"href":"https:\/\/lahora.mx\/index.php\/wp-json\/wp\/v2\/users\/4"}],"replies":[{"embeddable":true,"href":"https:\/\/lahora.mx\/index.php\/wp-json\/wp\/v2\/comments?post=27616"}],"version-history":[{"count":1,"href":"https:\/\/lahora.mx\/index.php\/wp-json\/wp\/v2\/posts\/27616\/revisions"}],"predecessor-version":[{"id":27618,"href":"https:\/\/lahora.mx\/index.php\/wp-json\/wp\/v2\/posts\/27616\/revisions\/27618"}],"wp:featuredmedia":[{"embeddable":true,"href":"https:\/\/lahora.mx\/index.php\/wp-json\/wp\/v2\/media\/27617"}],"wp:attachment":[{"href":"https:\/\/lahora.mx\/index.php\/wp-json\/wp\/v2\/media?parent=27616"}],"wp:term":[{"taxonomy":"category","embeddable":true,"href":"https:\/\/lahora.mx\/index.php\/wp-json\/wp\/v2\/categories?post=27616"},{"taxonomy":"post_tag","embeddable":true,"href":"https:\/\/lahora.mx\/index.php\/wp-json\/wp\/v2\/tags?post=27616"}],"curies":[{"name":"wp","href":"https:\/\/api.w.org\/{rel}","templated":true}]}}