{"id":27610,"date":"2023-06-07T23:49:27","date_gmt":"2023-06-07T23:49:27","guid":{"rendered":"http:\/\/lahora.mx\/?p=27610"},"modified":"2023-06-07T23:49:27","modified_gmt":"2023-06-07T23:49:27","slug":"reforma-a-ley-buap-fincara-bases-para-el-futuro-asegura-eduardo-castillo","status":"publish","type":"post","link":"https:\/\/lahora.mx\/index.php\/2023\/06\/07\/reforma-a-ley-buap-fincara-bases-para-el-futuro-asegura-eduardo-castillo\/","title":{"rendered":"Reforma a Ley BUAP fincar\u00e1 bases para el futuro, asegura Eduardo Castillo"},"content":{"rendered":"\n<p>El presidente de la Junta de Gobierno y Coordinaci\u00f3n Pol\u00edtica del Congreso del Estado, Eduardo Castillo L\u00f3pez, sostuvo que la nueva Ley de la Benem\u00e9rita Universidad Aut\u00f3noma de Puebla (BUAP), garantiza la autonom\u00eda de la m\u00e1xima casa de estudios, pero sobre todo finca las bases para el desarrollo en las pr\u00f3ximas d\u00e9cadas.<\/p>\n\n\n\n<p>En entrevista el legislador indic\u00f3 que en la reforma que se votar\u00e1 este jueves se pondr\u00e1 a la instituci\u00f3n a la altura de los nuevos tiempos, donde la tecnolog\u00eda predomina, pero sobre todo se tendr\u00e1 que aplicar la perspectiva de g\u00e9nero.<\/p>\n\n\n\n<p>Castillo L\u00f3pez precis\u00f3 que se respeta la autonom\u00eda universitaria por la que se ha luchado desde hace setenta a\u00f1os, y esta se ha ido consolidando cada a\u00f1o con los resultados que se presentan, y por ello hay que invertir en la educaci\u00f3n.<\/p>\n\n\n\n<p>Dijo que el documento que present\u00f3 el gobernador Sergio Salom\u00f3n C\u00e9spedes Peregrina fue motivo de consulta entre la comunidad universitaria, a la cual se le da la voz porque son ellos quienes dentro de esa autonom\u00eda conocen cu\u00e1l es la verdadera problem\u00e1tica que se presenta.<\/p>\n\n\n\n<p>Expres\u00f3 que cuando apenas se habl\u00f3 del D\u00eda Mundial del Medio Ambiente, se se\u00f1ala que, en la educaci\u00f3n para el desarrollo sostenible, adem\u00e1s de las funciones sustantivas, las instituciones de educaci\u00f3n superior deben mostrar mayor compromiso con la sostenibilidad y la responsabilidad social.<\/p>\n\n\n\n<p>Dentro de los nuevos principios que se establecen en la ley se precisa lo referente a la sostenibilidad, el cuidado del medio ambiente.<\/p>\n\n\n\n<p>Insisti\u00f3 en el tema de la perspectiva de g\u00e9nero y la diversidad, temas que no se abordaron en la reforma de hace 25 a\u00f1os.<\/p>\n\n\n\n<p>Eduardo Castillo resalt\u00f3 el punto donde se establece que la sede de la rector\u00eda ser\u00e1 en la capital del estado, pero se reconocen los campus regionales, y se podr\u00e1 tener crecimiento en otras entidades.<\/p>\n\n\n\n<p>\u201cLa excelencia acad\u00e9mica que ha logrado la instituci\u00f3n es de tal importancia que hay otras entidades que buscan tener un campus de la BUAP, as\u00ed que el crecimiento podr\u00e1 rebasar las fronteras estatales e internacionales\u201d.<\/p>\n\n\n\n<p>El l\u00edder del Congreso dijo que se espera que este jueves se apruebe la ley por amplia mayor\u00eda de los legisladores, misma que ser\u00e1 una muestra de respeto a la autonom\u00eda de la instituci\u00f3n.<\/p>\n","protected":false},"excerpt":{"rendered":"<p>El presidente de la Junta de Gobierno y Coordinaci\u00f3n Pol\u00edtica del Congreso del Estado, Eduardo Castillo L\u00f3pez, sostuvo que la nueva Ley de la Benem\u00e9rita Universidad Aut\u00f3noma de Puebla (BUAP), garantiza la autonom\u00eda de la m\u00e1xima casa de estudios, pero sobre todo finca las bases para el desarrollo en las pr\u00f3ximas d\u00e9cadas. En entrevista el [&hellip;]<\/p>\n","protected":false},"author":4,"featured_media":27611,"comment_status":"open","ping_status":"open","sticky":false,"template":"","format":"standard","meta":{"om_disable_all_campaigns":false,"_monsterinsights_skip_tracking":false,"_monsterinsights_sitenote_active":false,"_monsterinsights_sitenote_note":"","_monsterinsights_sitenote_category":0,"footnotes":""},"categories":[175],"tags":[223],"class_list":["post-27610","post","type-post","status-publish","format-standard","has-post-thumbnail","hentry","category-local","tag-puebla"],"amp_enabled":true,"_links":{"self":[{"href":"https:\/\/lahora.mx\/index.php\/wp-json\/wp\/v2\/posts\/27610","targetHints":{"allow":["GET"]}}],"collection":[{"href":"https:\/\/lahora.mx\/index.php\/wp-json\/wp\/v2\/posts"}],"about":[{"href":"https:\/\/lahora.mx\/index.php\/wp-json\/wp\/v2\/types\/post"}],"author":[{"embeddable":true,"href":"https:\/\/lahora.mx\/index.php\/wp-json\/wp\/v2\/users\/4"}],"replies":[{"embeddable":true,"href":"https:\/\/lahora.mx\/index.php\/wp-json\/wp\/v2\/comments?post=27610"}],"version-history":[{"count":1,"href":"https:\/\/lahora.mx\/index.php\/wp-json\/wp\/v2\/posts\/27610\/revisions"}],"predecessor-version":[{"id":27612,"href":"https:\/\/lahora.mx\/index.php\/wp-json\/wp\/v2\/posts\/27610\/revisions\/27612"}],"wp:featuredmedia":[{"embeddable":true,"href":"https:\/\/lahora.mx\/index.php\/wp-json\/wp\/v2\/media\/27611"}],"wp:attachment":[{"href":"https:\/\/lahora.mx\/index.php\/wp-json\/wp\/v2\/media?parent=27610"}],"wp:term":[{"taxonomy":"category","embeddable":true,"href":"https:\/\/lahora.mx\/index.php\/wp-json\/wp\/v2\/categories?post=27610"},{"taxonomy":"post_tag","embeddable":true,"href":"https:\/\/lahora.mx\/index.php\/wp-json\/wp\/v2\/tags?post=27610"}],"curies":[{"name":"wp","href":"https:\/\/api.w.org\/{rel}","templated":true}]}}