{"id":27604,"date":"2023-06-07T23:42:06","date_gmt":"2023-06-07T23:42:06","guid":{"rendered":"http:\/\/lahora.mx\/?p=27604"},"modified":"2023-06-07T23:42:07","modified_gmt":"2023-06-07T23:42:07","slug":"entiendo-mi-obligacion-de-salvaguardar-a-los-periodistas-menciona-el-gobernador-sergio-salomon","status":"publish","type":"post","link":"https:\/\/lahora.mx\/index.php\/2023\/06\/07\/entiendo-mi-obligacion-de-salvaguardar-a-los-periodistas-menciona-el-gobernador-sergio-salomon\/","title":{"rendered":"Entiendo mi obligaci\u00f3n de salvaguardar a los periodistas menciona el gobernador Sergio Salom\u00f3n"},"content":{"rendered":"\n<p>El gobernador de Puebla, Sergio Salom\u00f3n C\u00e9spedes Peregrina, afirm\u00f3 que entiende su obligaci\u00f3n de salvaguardar la integridad de los periodistas poblanos, luego de escuchar una lista de periodistas agredidos en el estado durante los \u00faltimos a\u00f1os.<\/p>\n\n\n\n<p>Su declaraci\u00f3n ocurri\u00f3 durante la conmemoraci\u00f3n del D\u00eda de la Libertad de Expresi\u00f3n, convocada por la Asociaci\u00f3n de Periodistas y Escritores del Estado de Puebla A.C. que preside Francisco S\u00e1nchez Nolasco.<\/p>\n\n\n\n<p>\u201cEntiendo perfectamente, hoy desde el espacio en el que estoy, mi obligaci\u00f3n con ustedes: salvaguardar la vida de cada uno de ustedes, la seguridad de ustedes. Hacer todo lo que est\u00e9 a mi alcance para que todas y todos puedan realizar su trabajo en libertad, ciertos de que su seguridad y su integridad ser\u00e1n respetadas\u201d, expres\u00f3 C\u00e9spedes Peregrina.<\/p>\n\n\n\n<p>Y agreg\u00f3: \u201cHay algo que a menudo se olvida pero que est\u00e9n seguros que nosotros no vamos a olvidar. Nosotros estamos de paso, los gobiernos est\u00e1n por periodos determinados, pero ustedes, sin duda, se quedan\u201d.<\/p>\n\n\n\n<p>Minutos antes, la representante del Colectivo Nacional de Alerta Temprana de Periodistas, Claudia Mart\u00ednez S\u00e1nchez, hizo un recuento de las agresiones sufridas por periodistas en territorio poblano, adem\u00e1s del pa\u00eds.<\/p>\n\n\n\n<p>En su intervenci\u00f3n tambi\u00e9n acus\u00f3 al secretario de Gobernaci\u00f3n estatal, Julio Huerta G\u00f3mez, de cerrar la mesa de di\u00e1logo en el municipio de Coyomeapan, lugar que vive un a\u00f1ejo conflicto pol\u00edtico.<\/p>\n\n\n\n<p>Por su parte, el presidente de la Asociaci\u00f3n de Periodistas y Escritores del Estado de Puebla A.C., Francisco S\u00e1nchez Nolasco, pidi\u00f3 a las autoridades el esclarecimiento de los casos en que integrantes del gremio han sido agredidos.<\/p>\n\n\n\n<p>\u201cEs cierto que se han presentado hechos como el homicidio del periodista de Tehuac\u00e1n o el caso de San Mart\u00edn Texmelucan, sin olvidar el tema de las j\u00f3venes de Iz\u00facar de Matamoros; sin embargo, el mencionarlos en esta reuni\u00f3n nos permite que con respeto le pidamos a nuestras autoridades el esclarecimiento de los hechos y justicia para los compa\u00f1eros\u201d.<\/p>\n\n\n\n<p>Resalt\u00f3 que, rumbo a las elecciones estatales y federales del a\u00f1o 2024, los reporteros no quieren violencia en sus coberturas.<\/p>\n\n\n\n<p>Tambi\u00e9n anunci\u00f3 que la organizaci\u00f3n busca incrementar las sanciones a quienes cometan delitos contra los periodistas, por lo que ya hubo acercamientos con el Congreso del Estado.<\/p>\n","protected":false},"excerpt":{"rendered":"<p>El gobernador de Puebla, Sergio Salom\u00f3n C\u00e9spedes Peregrina, afirm\u00f3 que entiende su obligaci\u00f3n de salvaguardar la integridad de los periodistas poblanos, luego de escuchar una lista de periodistas agredidos en el estado durante los \u00faltimos a\u00f1os. Su declaraci\u00f3n ocurri\u00f3 durante la conmemoraci\u00f3n del D\u00eda de la Libertad de Expresi\u00f3n, convocada por la Asociaci\u00f3n de Periodistas [&hellip;]<\/p>\n","protected":false},"author":4,"featured_media":27605,"comment_status":"open","ping_status":"open","sticky":false,"template":"","format":"standard","meta":{"om_disable_all_campaigns":false,"_monsterinsights_skip_tracking":false,"_monsterinsights_sitenote_active":false,"_monsterinsights_sitenote_note":"","_monsterinsights_sitenote_category":0,"footnotes":""},"categories":[175],"tags":[195,223],"class_list":["post-27604","post","type-post","status-publish","format-standard","has-post-thumbnail","hentry","category-local","tag-principal","tag-puebla"],"amp_enabled":true,"_links":{"self":[{"href":"https:\/\/lahora.mx\/index.php\/wp-json\/wp\/v2\/posts\/27604","targetHints":{"allow":["GET"]}}],"collection":[{"href":"https:\/\/lahora.mx\/index.php\/wp-json\/wp\/v2\/posts"}],"about":[{"href":"https:\/\/lahora.mx\/index.php\/wp-json\/wp\/v2\/types\/post"}],"author":[{"embeddable":true,"href":"https:\/\/lahora.mx\/index.php\/wp-json\/wp\/v2\/users\/4"}],"replies":[{"embeddable":true,"href":"https:\/\/lahora.mx\/index.php\/wp-json\/wp\/v2\/comments?post=27604"}],"version-history":[{"count":1,"href":"https:\/\/lahora.mx\/index.php\/wp-json\/wp\/v2\/posts\/27604\/revisions"}],"predecessor-version":[{"id":27606,"href":"https:\/\/lahora.mx\/index.php\/wp-json\/wp\/v2\/posts\/27604\/revisions\/27606"}],"wp:featuredmedia":[{"embeddable":true,"href":"https:\/\/lahora.mx\/index.php\/wp-json\/wp\/v2\/media\/27605"}],"wp:attachment":[{"href":"https:\/\/lahora.mx\/index.php\/wp-json\/wp\/v2\/media?parent=27604"}],"wp:term":[{"taxonomy":"category","embeddable":true,"href":"https:\/\/lahora.mx\/index.php\/wp-json\/wp\/v2\/categories?post=27604"},{"taxonomy":"post_tag","embeddable":true,"href":"https:\/\/lahora.mx\/index.php\/wp-json\/wp\/v2\/tags?post=27604"}],"curies":[{"name":"wp","href":"https:\/\/api.w.org\/{rel}","templated":true}]}}