{"id":27600,"date":"2023-06-07T18:36:19","date_gmt":"2023-06-07T18:36:19","guid":{"rendered":"http:\/\/lahora.mx\/?p=27600"},"modified":"2023-06-07T18:36:20","modified_gmt":"2023-06-07T18:36:20","slug":"amlo-visitara-huauchinango-el-domingo-para-evaluar-programas-de-bienestar","status":"publish","type":"post","link":"https:\/\/lahora.mx\/index.php\/2023\/06\/07\/amlo-visitara-huauchinango-el-domingo-para-evaluar-programas-de-bienestar\/","title":{"rendered":"AMLO visitar\u00e1 Huauchinango el domingo para evaluar programas de Bienestar"},"content":{"rendered":"\n<p>El gobernador Sergio Salom\u00f3n C\u00e9spedes confirm\u00f3 la visita del presidente Andr\u00e9s Manuel L\u00f3pez Obrador el pr\u00f3ximo domingo a Huauchinango para la entrega de programas sociales<\/p>\n\n\n\n<p>En entrevista el gobernador mencion\u00f3 que ya fueron notificados por el equipo del presidente sobre la visita que estar\u00e1 realizando el fin de semana, en espec\u00edfico el pr\u00f3ximo domingo al municipio de Huauchinango.<\/p>\n\n\n\n<p>En este sentido, el gobernador asegur\u00f3 que el motivo por el cual el presidente visita la entidad es para realizar la entrega y supervisar algunos de los programas sociales que se llevan a cabo en el estado.<\/p>\n\n\n\n<p>Hay que recordar que la \u00faltima visita del presidente a Puebla fue en el marco de los festejos por el 5 de Mayo, en donde dio su ma\u00f1anera en la zona militar y posteriormente presidi\u00f3 el desfile c\u00edvico.<\/p>\n","protected":false},"excerpt":{"rendered":"<p>El gobernador Sergio Salom\u00f3n C\u00e9spedes confirm\u00f3 la visita del presidente Andr\u00e9s Manuel L\u00f3pez Obrador el pr\u00f3ximo domingo a Huauchinango para la entrega de programas sociales En entrevista el gobernador mencion\u00f3 que ya fueron notificados por el equipo del presidente sobre la visita que estar\u00e1 realizando el fin de semana, en espec\u00edfico el pr\u00f3ximo domingo al [&hellip;]<\/p>\n","protected":false},"author":4,"featured_media":27601,"comment_status":"open","ping_status":"open","sticky":false,"template":"","format":"standard","meta":{"om_disable_all_campaigns":false,"_monsterinsights_skip_tracking":false,"_monsterinsights_sitenote_active":false,"_monsterinsights_sitenote_note":"","_monsterinsights_sitenote_category":0,"footnotes":""},"categories":[175],"tags":[223],"class_list":["post-27600","post","type-post","status-publish","format-standard","has-post-thumbnail","hentry","category-local","tag-puebla"],"amp_enabled":true,"_links":{"self":[{"href":"https:\/\/lahora.mx\/index.php\/wp-json\/wp\/v2\/posts\/27600","targetHints":{"allow":["GET"]}}],"collection":[{"href":"https:\/\/lahora.mx\/index.php\/wp-json\/wp\/v2\/posts"}],"about":[{"href":"https:\/\/lahora.mx\/index.php\/wp-json\/wp\/v2\/types\/post"}],"author":[{"embeddable":true,"href":"https:\/\/lahora.mx\/index.php\/wp-json\/wp\/v2\/users\/4"}],"replies":[{"embeddable":true,"href":"https:\/\/lahora.mx\/index.php\/wp-json\/wp\/v2\/comments?post=27600"}],"version-history":[{"count":1,"href":"https:\/\/lahora.mx\/index.php\/wp-json\/wp\/v2\/posts\/27600\/revisions"}],"predecessor-version":[{"id":27602,"href":"https:\/\/lahora.mx\/index.php\/wp-json\/wp\/v2\/posts\/27600\/revisions\/27602"}],"wp:featuredmedia":[{"embeddable":true,"href":"https:\/\/lahora.mx\/index.php\/wp-json\/wp\/v2\/media\/27601"}],"wp:attachment":[{"href":"https:\/\/lahora.mx\/index.php\/wp-json\/wp\/v2\/media?parent=27600"}],"wp:term":[{"taxonomy":"category","embeddable":true,"href":"https:\/\/lahora.mx\/index.php\/wp-json\/wp\/v2\/categories?post=27600"},{"taxonomy":"post_tag","embeddable":true,"href":"https:\/\/lahora.mx\/index.php\/wp-json\/wp\/v2\/tags?post=27600"}],"curies":[{"name":"wp","href":"https:\/\/api.w.org\/{rel}","templated":true}]}}