{"id":27597,"date":"2023-06-07T18:30:11","date_gmt":"2023-06-07T18:30:11","guid":{"rendered":"http:\/\/lahora.mx\/?p=27597"},"modified":"2023-06-07T18:30:11","modified_gmt":"2023-06-07T18:30:11","slug":"una-derrama-economica-de-200-mdp-dejara-el-mundial-de-futbol-7-en-puebla","status":"publish","type":"post","link":"https:\/\/lahora.mx\/index.php\/2023\/06\/07\/una-derrama-economica-de-200-mdp-dejara-el-mundial-de-futbol-7-en-puebla\/","title":{"rendered":"Una derrama econ\u00f3mica de 200 mdp dejar\u00e1 el Mundial de Futbol 7 en Puebla"},"content":{"rendered":"\n<p>Se espera que el Mundial de la Federaci\u00f3n Internacional de Futbol 7 genere una derrama econ\u00f3mica cercana a los 200 millones de pesos para la ciudad de Puebla, estim\u00f3 el alcalde capitalino Eduardo Rivera P\u00e9rez.<\/p>\n\n\n\n<p>Desde el Benem\u00e9rito Instituto Normal del Estado (BINE), el edil panista realiz\u00f3 la presentaci\u00f3n de la Copa del Mundial del Futbol 7que se realizar\u00e1 del 7 al 10 de septiembre del 2023.<\/p>\n\n\n\n<p>Rivera P\u00e9rez dijo que previ\u00f3 al torneo, el Trofeo del Campeonato recorrer\u00e1 diez instituciones educativas, en seis juntas auxiliares de Puebla, entre las que se encuentran San Francisco Totimehuacan, La Resurrecci\u00f3n, San Pedro Zacachimalpa, San Baltazar Campeche, San Jer\u00f3nimo Caleras y San Felipe Hueyotlipan.<br>Adem\u00e1s visitar\u00e1n once municipios del interior del estado, como Tehuac\u00e1n, San Mart\u00edn Texmelucan, Cuautlancingo, Atlixco, Iz\u00facar de Matamoros, Zacatl\u00e1n, Xicotepec de Ju\u00e1rez, Tepeaca, San Andr\u00e9s Cholula y San Pedro Cholula.<\/p>\n\n\n\n<p>Derrama econ\u00f3mica de 200 mdp en Puebla<br>Se\u00f1al\u00f3 que el evento generar\u00e1 una derrama econ\u00f3mica de 200 millones de pesos beneficiando principalmente a los establecimientos como restaurantes, cafeteri\u0301as, cocinas econ\u00f3micas, loncher\u00edas, venta de comida r\u00e1pida y antojitos.<\/p>\n\n\n\n<p>El Mundial de la Federaci\u00f3n Internacional de Futbol 7 en Puebla tiene confirmada la participaci\u00f3n de las Selecciones Nacionales de Brasil, Uruguay, Italia, M\u00e9xico, Rusia, Canad\u00e1, Francia, Espa\u00f1a, Colombia, Jap\u00f3n, Kazajist\u00e1n, Portugal, Chile y Argentina.<\/p>\n","protected":false},"excerpt":{"rendered":"<p>Se espera que el Mundial de la Federaci\u00f3n Internacional de Futbol 7 genere una derrama econ\u00f3mica cercana a los 200 millones de pesos para la ciudad de Puebla, estim\u00f3 el alcalde capitalino Eduardo Rivera P\u00e9rez. Desde el Benem\u00e9rito Instituto Normal del Estado (BINE), el edil panista realiz\u00f3 la presentaci\u00f3n de la Copa del Mundial del [&hellip;]<\/p>\n","protected":false},"author":4,"featured_media":27598,"comment_status":"open","ping_status":"open","sticky":false,"template":"","format":"standard","meta":{"om_disable_all_campaigns":false,"_monsterinsights_skip_tracking":false,"_monsterinsights_sitenote_active":false,"_monsterinsights_sitenote_note":"","_monsterinsights_sitenote_category":0,"footnotes":""},"categories":[175],"tags":[223],"class_list":["post-27597","post","type-post","status-publish","format-standard","has-post-thumbnail","hentry","category-local","tag-puebla"],"amp_enabled":true,"_links":{"self":[{"href":"https:\/\/lahora.mx\/index.php\/wp-json\/wp\/v2\/posts\/27597","targetHints":{"allow":["GET"]}}],"collection":[{"href":"https:\/\/lahora.mx\/index.php\/wp-json\/wp\/v2\/posts"}],"about":[{"href":"https:\/\/lahora.mx\/index.php\/wp-json\/wp\/v2\/types\/post"}],"author":[{"embeddable":true,"href":"https:\/\/lahora.mx\/index.php\/wp-json\/wp\/v2\/users\/4"}],"replies":[{"embeddable":true,"href":"https:\/\/lahora.mx\/index.php\/wp-json\/wp\/v2\/comments?post=27597"}],"version-history":[{"count":1,"href":"https:\/\/lahora.mx\/index.php\/wp-json\/wp\/v2\/posts\/27597\/revisions"}],"predecessor-version":[{"id":27599,"href":"https:\/\/lahora.mx\/index.php\/wp-json\/wp\/v2\/posts\/27597\/revisions\/27599"}],"wp:featuredmedia":[{"embeddable":true,"href":"https:\/\/lahora.mx\/index.php\/wp-json\/wp\/v2\/media\/27598"}],"wp:attachment":[{"href":"https:\/\/lahora.mx\/index.php\/wp-json\/wp\/v2\/media?parent=27597"}],"wp:term":[{"taxonomy":"category","embeddable":true,"href":"https:\/\/lahora.mx\/index.php\/wp-json\/wp\/v2\/categories?post=27597"},{"taxonomy":"post_tag","embeddable":true,"href":"https:\/\/lahora.mx\/index.php\/wp-json\/wp\/v2\/tags?post=27597"}],"curies":[{"name":"wp","href":"https:\/\/api.w.org\/{rel}","templated":true}]}}