{"id":27594,"date":"2023-06-07T18:24:53","date_gmt":"2023-06-07T18:24:53","guid":{"rendered":"http:\/\/lahora.mx\/?p=27594"},"modified":"2023-06-07T18:24:53","modified_gmt":"2023-06-07T18:24:53","slug":"balean-a-policia-en-intento-de-asalto-en-amozoc","status":"publish","type":"post","link":"https:\/\/lahora.mx\/index.php\/2023\/06\/07\/balean-a-policia-en-intento-de-asalto-en-amozoc\/","title":{"rendered":"Balean a polic\u00eda en intento de asalto en Amozoc"},"content":{"rendered":"\n<p>Durante un intento de asalto, un polic\u00eda municipal de Puebla asignado al \u00e1rea de escoltas fue herido de bala por dos sujetos sobre la carretera federal Puebla-Tehuac\u00e1n a la altura del municipio de Amozoc de Mota, donde el lesionado junto con otro compa\u00f1ero enfrentaron a los ladrones y lograron detenerlos.<\/p>\n\n\n\n<p>Hoy 7 de junio alrededor de las 6:40 horas, dos elementos de la Secretar\u00eda de Seguridad Ciudadana (SSC) del municipio de Puebla viajaban en una camioneta oficial, pero sin r\u00f3tulos.<br>Camino al trabajo, a la altura del restaurante espadas Casa Le\u00f3n, en la junta auxiliar de San Salvador Chachapa, fueron interceptados y agredidos por sujetos armados que viajaban en un autom\u00f3vil Volkswagen tipo Vento color blanco.<\/p>\n\n\n\n<p>Los delincuentes pretend\u00edan obligar a los polic\u00edas a que se orillaran y detuvieran con la intenci\u00f3n de robarles el veh\u00edculo oficial.<br>Para lograr lo anterior, los asaltantes hicieron detonaciones de arma de fuego y lesionaron en una mano a uno de los agentes policiacos; a pesar de lo anterior, el oficial herido y su compa\u00f1ero repelieron la agresi\u00f3n, enfrentaron a los ladrones y los detuvieron.<\/p>\n\n\n\n<p>Los dos sujetos fueron trasladados a Rancho Colorado y posteriormente ser\u00e1n puestos a disposici\u00f3n del agente del Ministerio P\u00fablico para resolver su situaci\u00f3n jur\u00eddica, mientras que el polic\u00eda herido fue atendido m\u00e1s adelante por param\u00e9dicos de Protecci\u00f3n Civil Municipal de Puebla sin necesidad de que fuera trasladado a un nosocomio.<\/p>\n","protected":false},"excerpt":{"rendered":"<p>Durante un intento de asalto, un polic\u00eda municipal de Puebla asignado al \u00e1rea de escoltas fue herido de bala por dos sujetos sobre la carretera federal Puebla-Tehuac\u00e1n a la altura del municipio de Amozoc de Mota, donde el lesionado junto con otro compa\u00f1ero enfrentaron a los ladrones y lograron detenerlos. Hoy 7 de junio alrededor [&hellip;]<\/p>\n","protected":false},"author":4,"featured_media":27595,"comment_status":"open","ping_status":"open","sticky":false,"template":"","format":"standard","meta":{"om_disable_all_campaigns":false,"_monsterinsights_skip_tracking":false,"_monsterinsights_sitenote_active":false,"_monsterinsights_sitenote_note":"","_monsterinsights_sitenote_category":0,"footnotes":""},"categories":[175,226],"tags":[223],"class_list":["post-27594","post","type-post","status-publish","format-standard","has-post-thumbnail","hentry","category-local","category-policia","tag-puebla"],"amp_enabled":true,"_links":{"self":[{"href":"https:\/\/lahora.mx\/index.php\/wp-json\/wp\/v2\/posts\/27594","targetHints":{"allow":["GET"]}}],"collection":[{"href":"https:\/\/lahora.mx\/index.php\/wp-json\/wp\/v2\/posts"}],"about":[{"href":"https:\/\/lahora.mx\/index.php\/wp-json\/wp\/v2\/types\/post"}],"author":[{"embeddable":true,"href":"https:\/\/lahora.mx\/index.php\/wp-json\/wp\/v2\/users\/4"}],"replies":[{"embeddable":true,"href":"https:\/\/lahora.mx\/index.php\/wp-json\/wp\/v2\/comments?post=27594"}],"version-history":[{"count":1,"href":"https:\/\/lahora.mx\/index.php\/wp-json\/wp\/v2\/posts\/27594\/revisions"}],"predecessor-version":[{"id":27596,"href":"https:\/\/lahora.mx\/index.php\/wp-json\/wp\/v2\/posts\/27594\/revisions\/27596"}],"wp:featuredmedia":[{"embeddable":true,"href":"https:\/\/lahora.mx\/index.php\/wp-json\/wp\/v2\/media\/27595"}],"wp:attachment":[{"href":"https:\/\/lahora.mx\/index.php\/wp-json\/wp\/v2\/media?parent=27594"}],"wp:term":[{"taxonomy":"category","embeddable":true,"href":"https:\/\/lahora.mx\/index.php\/wp-json\/wp\/v2\/categories?post=27594"},{"taxonomy":"post_tag","embeddable":true,"href":"https:\/\/lahora.mx\/index.php\/wp-json\/wp\/v2\/tags?post=27594"}],"curies":[{"name":"wp","href":"https:\/\/api.w.org\/{rel}","templated":true}]}}