{"id":27591,"date":"2023-06-07T18:23:17","date_gmt":"2023-06-07T18:23:17","guid":{"rendered":"http:\/\/lahora.mx\/?p=27591"},"modified":"2023-06-07T18:23:18","modified_gmt":"2023-06-07T18:23:18","slug":"si-consejo-de-morena-lo-aprueba-el-lunes-todas-las-corcholatas-deben-renunciar-amlo","status":"publish","type":"post","link":"https:\/\/lahora.mx\/index.php\/2023\/06\/07\/si-consejo-de-morena-lo-aprueba-el-lunes-todas-las-corcholatas-deben-renunciar-amlo\/","title":{"rendered":"Si Consejo de Morena lo aprueba, el lunes todas las \u201ccorcholatas\u201d deben renunciar: AMLO"},"content":{"rendered":"\n<p>El presidente Andr\u00e9s Manuel L\u00f3pez Obrador manifest\u00f3 que si el Consejo Nacional de Morena lo aprueba este domingo, a partir del pr\u00f3ximo lunes 12 de junio tendr\u00e1n que renunciar a sus cargos p\u00fablicos todos los aspirantes a la candidatura presidencial del partido guinda.<br>\u201c\u00bfEl secretario de Gobernaci\u00f3n (Ad\u00e1n Augusto L\u00f3pez Hern\u00e1ndez) tendr\u00eda que hacer lo propio en caso de continuar con eso, la jefa de gobierno (Claudia Sheinbaum) y todo aquel que ocupe un cargo p\u00fablico de elecci\u00f3n popular y que est\u00e9 interesado en participar tendr\u00eda que renunciar a partir de que Morena de a conocer esta decisi\u00f3n del consejo, a partir del lunes?\u201d, se le pregunt\u00f3.<\/p>\n\n\n\n<p>\u201cAs\u00ed es, ya, ya, estoy de acuerdo contigo\u201d, respondi\u00f3.<\/p>\n\n\n\n<p>\u201cEntonces, \u00bftendr\u00eda que recibir la renuncia de quien corresponde a partir del pr\u00f3ximo lunes?\u201d, se le sigui\u00f3 cuestionando.<\/p>\n\n\n\n<p>\u201cSi en el Consejo de Morena se aprueba el que deben de renunciar, pues as\u00ed tiene que ser\u201d, contest\u00f3.<br>En Palacio Nacional y al pedirle un balance del trabajo y el desempe\u00f1o de los aspirantes, el Mandatario federal afirm\u00f3 que \u201cha sido muy bueno, todos es un equipo, esta no es labor de un solo hombre, es la labor de mujeres, de hombres, del gobierno, como ya dije, sobre todo el pueblo\u201d.<\/p>\n","protected":false},"excerpt":{"rendered":"<p>El presidente Andr\u00e9s Manuel L\u00f3pez Obrador manifest\u00f3 que si el Consejo Nacional de Morena lo aprueba este domingo, a partir del pr\u00f3ximo lunes 12 de junio tendr\u00e1n que renunciar a sus cargos p\u00fablicos todos los aspirantes a la candidatura presidencial del partido guinda.\u201c\u00bfEl secretario de Gobernaci\u00f3n (Ad\u00e1n Augusto L\u00f3pez Hern\u00e1ndez) tendr\u00eda que hacer lo propio [&hellip;]<\/p>\n","protected":false},"author":4,"featured_media":27592,"comment_status":"open","ping_status":"open","sticky":false,"template":"","format":"standard","meta":{"om_disable_all_campaigns":false,"_monsterinsights_skip_tracking":false,"_monsterinsights_sitenote_active":false,"_monsterinsights_sitenote_note":"","_monsterinsights_sitenote_category":0,"footnotes":""},"categories":[176],"tags":[],"class_list":["post-27591","post","type-post","status-publish","format-standard","has-post-thumbnail","hentry","category-nacional"],"amp_enabled":true,"_links":{"self":[{"href":"https:\/\/lahora.mx\/index.php\/wp-json\/wp\/v2\/posts\/27591","targetHints":{"allow":["GET"]}}],"collection":[{"href":"https:\/\/lahora.mx\/index.php\/wp-json\/wp\/v2\/posts"}],"about":[{"href":"https:\/\/lahora.mx\/index.php\/wp-json\/wp\/v2\/types\/post"}],"author":[{"embeddable":true,"href":"https:\/\/lahora.mx\/index.php\/wp-json\/wp\/v2\/users\/4"}],"replies":[{"embeddable":true,"href":"https:\/\/lahora.mx\/index.php\/wp-json\/wp\/v2\/comments?post=27591"}],"version-history":[{"count":1,"href":"https:\/\/lahora.mx\/index.php\/wp-json\/wp\/v2\/posts\/27591\/revisions"}],"predecessor-version":[{"id":27593,"href":"https:\/\/lahora.mx\/index.php\/wp-json\/wp\/v2\/posts\/27591\/revisions\/27593"}],"wp:featuredmedia":[{"embeddable":true,"href":"https:\/\/lahora.mx\/index.php\/wp-json\/wp\/v2\/media\/27592"}],"wp:attachment":[{"href":"https:\/\/lahora.mx\/index.php\/wp-json\/wp\/v2\/media?parent=27591"}],"wp:term":[{"taxonomy":"category","embeddable":true,"href":"https:\/\/lahora.mx\/index.php\/wp-json\/wp\/v2\/categories?post=27591"},{"taxonomy":"post_tag","embeddable":true,"href":"https:\/\/lahora.mx\/index.php\/wp-json\/wp\/v2\/tags?post=27591"}],"curies":[{"name":"wp","href":"https:\/\/api.w.org\/{rel}","templated":true}]}}