{"id":27588,"date":"2023-06-07T17:47:20","date_gmt":"2023-06-07T17:47:20","guid":{"rendered":"http:\/\/lahora.mx\/?p=27588"},"modified":"2023-06-07T17:47:20","modified_gmt":"2023-06-07T17:47:20","slug":"multas-por-no-hacer-la-verificacion-vehicular-inician-el-1-de-julio-en-puebla","status":"publish","type":"post","link":"https:\/\/lahora.mx\/index.php\/2023\/06\/07\/multas-por-no-hacer-la-verificacion-vehicular-inician-el-1-de-julio-en-puebla\/","title":{"rendered":"Multas por no hacer la verificaci\u00f3n vehicular inician el 1 de julio en Puebla"},"content":{"rendered":"\n<p>A partir del 1 de julio iniciar\u00e1n las multas para todos aquellos automovilistas que no hayan realizado su verificaci\u00f3n, el monto a pagar va de los mil 925, hasta dos mil 886 pesos.<\/p>\n\n\n\n<p>Hay que recordar que, para el primer semestre del a\u00f1o, la verificaci\u00f3n es obligatoria para todos los automovilistas y tienen que realizar este tr\u00e1mite dependiendo de su engomado o terminaci\u00f3n en las placas.<\/p>\n\n\n\n<p>Durante su administraci\u00f3n el exgobernador Miguel Barbosa implement\u00f3 un equipo especial de la polic\u00eda estatal para poder realizar operativos espec\u00edficos relacionados con este tr\u00e1mite.<\/p>\n\n\n\n<p>Por su parte, el lunes pasado la secretaria de Medio Ambiente Beatriz Manrique dijo que la mitad de las unidades de transporte p\u00fablico hicieron este tr\u00e1mite.<\/p>\n","protected":false},"excerpt":{"rendered":"<p>A partir del 1 de julio iniciar\u00e1n las multas para todos aquellos automovilistas que no hayan realizado su verificaci\u00f3n, el monto a pagar va de los mil 925, hasta dos mil 886 pesos. Hay que recordar que, para el primer semestre del a\u00f1o, la verificaci\u00f3n es obligatoria para todos los automovilistas y tienen que realizar [&hellip;]<\/p>\n","protected":false},"author":4,"featured_media":27589,"comment_status":"open","ping_status":"open","sticky":false,"template":"","format":"standard","meta":{"om_disable_all_campaigns":false,"_monsterinsights_skip_tracking":false,"_monsterinsights_sitenote_active":false,"_monsterinsights_sitenote_note":"","_monsterinsights_sitenote_category":0,"footnotes":""},"categories":[175],"tags":[223],"class_list":["post-27588","post","type-post","status-publish","format-standard","has-post-thumbnail","hentry","category-local","tag-puebla"],"amp_enabled":true,"_links":{"self":[{"href":"https:\/\/lahora.mx\/index.php\/wp-json\/wp\/v2\/posts\/27588","targetHints":{"allow":["GET"]}}],"collection":[{"href":"https:\/\/lahora.mx\/index.php\/wp-json\/wp\/v2\/posts"}],"about":[{"href":"https:\/\/lahora.mx\/index.php\/wp-json\/wp\/v2\/types\/post"}],"author":[{"embeddable":true,"href":"https:\/\/lahora.mx\/index.php\/wp-json\/wp\/v2\/users\/4"}],"replies":[{"embeddable":true,"href":"https:\/\/lahora.mx\/index.php\/wp-json\/wp\/v2\/comments?post=27588"}],"version-history":[{"count":1,"href":"https:\/\/lahora.mx\/index.php\/wp-json\/wp\/v2\/posts\/27588\/revisions"}],"predecessor-version":[{"id":27590,"href":"https:\/\/lahora.mx\/index.php\/wp-json\/wp\/v2\/posts\/27588\/revisions\/27590"}],"wp:featuredmedia":[{"embeddable":true,"href":"https:\/\/lahora.mx\/index.php\/wp-json\/wp\/v2\/media\/27589"}],"wp:attachment":[{"href":"https:\/\/lahora.mx\/index.php\/wp-json\/wp\/v2\/media?parent=27588"}],"wp:term":[{"taxonomy":"category","embeddable":true,"href":"https:\/\/lahora.mx\/index.php\/wp-json\/wp\/v2\/categories?post=27588"},{"taxonomy":"post_tag","embeddable":true,"href":"https:\/\/lahora.mx\/index.php\/wp-json\/wp\/v2\/tags?post=27588"}],"curies":[{"name":"wp","href":"https:\/\/api.w.org\/{rel}","templated":true}]}}