{"id":27585,"date":"2023-06-07T17:29:41","date_gmt":"2023-06-07T17:29:41","guid":{"rendered":"http:\/\/lahora.mx\/?p=27585"},"modified":"2023-06-07T17:29:41","modified_gmt":"2023-06-07T17:29:41","slug":"hospitalizan-al-papa-francis-copor-cirugia-en-el-abdomen","status":"publish","type":"post","link":"https:\/\/lahora.mx\/index.php\/2023\/06\/07\/hospitalizan-al-papa-francis-copor-cirugia-en-el-abdomen\/","title":{"rendered":"Hospitalizan al Papa Francis copor cirug\u00eda en el abdomen"},"content":{"rendered":"\n<p>El Papa Francisco fue hospitalizado en el Hospital Universitario Agostino Gemelli en Roma, donde ser\u00e1 sometido a una cirug\u00eda en el abdomen, as\u00ed lo inform\u00f3 la direcci\u00f3n de la Oficina de Prensa del Vaticano a cargo de Matteo Bruni.<\/p>\n\n\n\n<p>\u201cEl Santo Padre Francisco se dirigi\u00f3 al Hospital Universitario Agostino Gemelli, donde a primera hora de la tarde ser\u00e1 sometido, bajo anestesia general, a una laparotom\u00eda y cirug\u00eda pl\u00e1stica de la pared abdominal con pr\u00f3tesis\u201d, inform\u00f3 Bruni.<br><br>El Papa hab\u00eda acudido a una breve visita al mismo hospital ayer martes 6 de junio sin mayores contratiempos, no obstante, hoy fue internado por la tarde (horario local de Roma, Italia), despu\u00e9s de la Audiencia General.<\/p>\n\n\n\n<p>\u201cLa operaci\u00f3n, concertada en los \u00faltimos d\u00edas por el equipo m\u00e9dico que asiste al Santo Padre, se hizo necesaria debido a un laparocele incarcerado que le est\u00e1 provocando s\u00edndromes suboclusivos recurrentes, dolorosos y que empeoran\u201d, a\u00f1adi\u00f3 la Oficina de Prensa.<br>Las noticias al momento: suscr\u00edbete al canal de Telegram de e-consulta<\/p>\n\n\n\n<p>Asimismo, se\u00f1al\u00f3 que el Papa Francisco permanecer\u00e1 varios d\u00edas hospitalizado para recibir la atenci\u00f3n posoperatoria correspondiente y as\u00ed lograr una \u201crecuperaci\u00f3n funcional completa\u201d.<\/p>\n","protected":false},"excerpt":{"rendered":"<p>El Papa Francisco fue hospitalizado en el Hospital Universitario Agostino Gemelli en Roma, donde ser\u00e1 sometido a una cirug\u00eda en el abdomen, as\u00ed lo inform\u00f3 la direcci\u00f3n de la Oficina de Prensa del Vaticano a cargo de Matteo Bruni. \u201cEl Santo Padre Francisco se dirigi\u00f3 al Hospital Universitario Agostino Gemelli, donde a primera hora de [&hellip;]<\/p>\n","protected":false},"author":4,"featured_media":27586,"comment_status":"open","ping_status":"open","sticky":false,"template":"","format":"standard","meta":{"om_disable_all_campaigns":false,"_monsterinsights_skip_tracking":false,"_monsterinsights_sitenote_active":false,"_monsterinsights_sitenote_note":"","_monsterinsights_sitenote_category":0,"footnotes":""},"categories":[176],"tags":[],"class_list":["post-27585","post","type-post","status-publish","format-standard","has-post-thumbnail","hentry","category-nacional"],"amp_enabled":true,"_links":{"self":[{"href":"https:\/\/lahora.mx\/index.php\/wp-json\/wp\/v2\/posts\/27585","targetHints":{"allow":["GET"]}}],"collection":[{"href":"https:\/\/lahora.mx\/index.php\/wp-json\/wp\/v2\/posts"}],"about":[{"href":"https:\/\/lahora.mx\/index.php\/wp-json\/wp\/v2\/types\/post"}],"author":[{"embeddable":true,"href":"https:\/\/lahora.mx\/index.php\/wp-json\/wp\/v2\/users\/4"}],"replies":[{"embeddable":true,"href":"https:\/\/lahora.mx\/index.php\/wp-json\/wp\/v2\/comments?post=27585"}],"version-history":[{"count":1,"href":"https:\/\/lahora.mx\/index.php\/wp-json\/wp\/v2\/posts\/27585\/revisions"}],"predecessor-version":[{"id":27587,"href":"https:\/\/lahora.mx\/index.php\/wp-json\/wp\/v2\/posts\/27585\/revisions\/27587"}],"wp:featuredmedia":[{"embeddable":true,"href":"https:\/\/lahora.mx\/index.php\/wp-json\/wp\/v2\/media\/27586"}],"wp:attachment":[{"href":"https:\/\/lahora.mx\/index.php\/wp-json\/wp\/v2\/media?parent=27585"}],"wp:term":[{"taxonomy":"category","embeddable":true,"href":"https:\/\/lahora.mx\/index.php\/wp-json\/wp\/v2\/categories?post=27585"},{"taxonomy":"post_tag","embeddable":true,"href":"https:\/\/lahora.mx\/index.php\/wp-json\/wp\/v2\/tags?post=27585"}],"curies":[{"name":"wp","href":"https:\/\/api.w.org\/{rel}","templated":true}]}}