{"id":27566,"date":"2023-06-07T02:45:08","date_gmt":"2023-06-07T02:45:08","guid":{"rendered":"http:\/\/lahora.mx\/?p=27566"},"modified":"2023-06-07T02:45:09","modified_gmt":"2023-06-07T02:45:09","slug":"el-gobernador-cespedes-refrenda-compromiso-con-rescate-de-patrimonio-cultural","status":"publish","type":"post","link":"https:\/\/lahora.mx\/index.php\/2023\/06\/07\/el-gobernador-cespedes-refrenda-compromiso-con-rescate-de-patrimonio-cultural\/","title":{"rendered":"El gobernador C\u00e9spedes refrenda compromiso con rescate de patrimonio cultural"},"content":{"rendered":"\n<p>Como parte de las acciones para rescatar el patrimonio cultural de Puebla y fortalecer la identidad de cada localidad, el gobernador Sergio Salom\u00f3n entreg\u00f3 la Bandera restaurada del municipio de Libres, Conscripci\u00f3n 1933.<br>Durante la jornada de \u00abMartes Ciudadano\u00bb, el titular del Ejecutivo destac\u00f3 que este tipo de acciones refrendan el compromiso de su administraci\u00f3n presente por rescatar los s\u00edmbolos que dan identidad y fortalecen el orgullo de ser mexicanas y mexicanos.<\/p>\n\n\n\n<p>Record\u00f3 que la restauraci\u00f3n deriv\u00f3 de una solicitud del ayuntamiento y de habitantes de Libres en una jornada ciudadana. Por ello, la Secretar\u00eda de Cultura llev\u00f3 a cabo los trabajos que consistieron en limpieza en seco, zurcido de desgarres, injertos de faltantes y montaje sobre lino.<\/p>\n\n\n\n<p>En Casa Aguayo, el gobernador Sergio Salom\u00f3n tambi\u00e9n convers\u00f3 con poblanas y poblanos para brindar una pronta respuesta y soluci\u00f3n a sus peticiones.<br>El mandatario canaliz\u00f3 las solicitudes de las y los asistentes a las \u00e1reas correspondientes, relacionadas con asesor\u00eda legal, salud, infraestructura, fomento a la cultura y apoyo para personas con discapacidad.<\/p>\n","protected":false},"excerpt":{"rendered":"<p>Como parte de las acciones para rescatar el patrimonio cultural de Puebla y fortalecer la identidad de cada localidad, el gobernador Sergio Salom\u00f3n entreg\u00f3 la Bandera restaurada del municipio de Libres, Conscripci\u00f3n 1933.Durante la jornada de \u00abMartes Ciudadano\u00bb, el titular del Ejecutivo destac\u00f3 que este tipo de acciones refrendan el compromiso de su administraci\u00f3n presente [&hellip;]<\/p>\n","protected":false},"author":4,"featured_media":27567,"comment_status":"open","ping_status":"open","sticky":false,"template":"","format":"standard","meta":{"om_disable_all_campaigns":false,"_monsterinsights_skip_tracking":false,"_monsterinsights_sitenote_active":false,"_monsterinsights_sitenote_note":"","_monsterinsights_sitenote_category":0,"footnotes":""},"categories":[175],"tags":[223],"class_list":["post-27566","post","type-post","status-publish","format-standard","has-post-thumbnail","hentry","category-local","tag-puebla"],"amp_enabled":true,"_links":{"self":[{"href":"https:\/\/lahora.mx\/index.php\/wp-json\/wp\/v2\/posts\/27566","targetHints":{"allow":["GET"]}}],"collection":[{"href":"https:\/\/lahora.mx\/index.php\/wp-json\/wp\/v2\/posts"}],"about":[{"href":"https:\/\/lahora.mx\/index.php\/wp-json\/wp\/v2\/types\/post"}],"author":[{"embeddable":true,"href":"https:\/\/lahora.mx\/index.php\/wp-json\/wp\/v2\/users\/4"}],"replies":[{"embeddable":true,"href":"https:\/\/lahora.mx\/index.php\/wp-json\/wp\/v2\/comments?post=27566"}],"version-history":[{"count":1,"href":"https:\/\/lahora.mx\/index.php\/wp-json\/wp\/v2\/posts\/27566\/revisions"}],"predecessor-version":[{"id":27568,"href":"https:\/\/lahora.mx\/index.php\/wp-json\/wp\/v2\/posts\/27566\/revisions\/27568"}],"wp:featuredmedia":[{"embeddable":true,"href":"https:\/\/lahora.mx\/index.php\/wp-json\/wp\/v2\/media\/27567"}],"wp:attachment":[{"href":"https:\/\/lahora.mx\/index.php\/wp-json\/wp\/v2\/media?parent=27566"}],"wp:term":[{"taxonomy":"category","embeddable":true,"href":"https:\/\/lahora.mx\/index.php\/wp-json\/wp\/v2\/categories?post=27566"},{"taxonomy":"post_tag","embeddable":true,"href":"https:\/\/lahora.mx\/index.php\/wp-json\/wp\/v2\/tags?post=27566"}],"curies":[{"name":"wp","href":"https:\/\/api.w.org\/{rel}","templated":true}]}}