{"id":27563,"date":"2023-06-07T02:43:25","date_gmt":"2023-06-07T02:43:25","guid":{"rendered":"http:\/\/lahora.mx\/?p=27563"},"modified":"2023-06-07T02:43:25","modified_gmt":"2023-06-07T02:43:25","slug":"mario-delgado-habla-tras-renuncia-de-ebrard-para-garantizar-equidad-todas-las-corcholatas-tendrian-que-dejar-sus-cargos","status":"publish","type":"post","link":"https:\/\/lahora.mx\/index.php\/2023\/06\/07\/mario-delgado-habla-tras-renuncia-de-ebrard-para-garantizar-equidad-todas-las-corcholatas-tendrian-que-dejar-sus-cargos\/","title":{"rendered":"Mario Delgado habla tras renuncia de Ebrard: para garantizar equidad, todas las corcholatas tendr\u00edan que dejar sus cargos"},"content":{"rendered":"\n<p>Mario Delgado Carrillo, presidente nacional de Morena, explic\u00f3 que con la renuncia de Marcelo Ebrard a la Secretar\u00eda de Relaciones Exteriores se prev\u00e9 que las otras \u00abcorcholatas\u00bb tambi\u00e9n dejen sus cargos rumbo a las elecciones presidenciales de 2024, esto durante una entrevista con Radio F\u00f3rmula.<br>As\u00ed, Delgado celebr\u00f3 el anuncio de Ebrard de dejar su cargo el pr\u00f3ximo lunes 12 de junio, y opin\u00f3 que para garantizar equidad en el proceso, todas las corcholatas tendr\u00edan que estar fuera de sus cargos.<\/p>\n\n\n\n<p>En entrevista con Jos\u00e9 C\u00e1rdenas de Radio F\u00f3rmula, Mario Delgado agreg\u00f3 que para garantizar condiciones de equidad va a requerir que todos est\u00e9n en igualdad de circunstancias y si se mantienen en el cargo iba a ser muy dif\u00edcil.<\/p>\n\n\n\n<p>\u201cGarantizar un proceso equitativo va a requerir que todos est\u00e9n en igualdad de condiciones, si se manten\u00edan en el cargo iba a ser muy dif\u00edcil debatir si hay condiciones de equidad o no, para algunos tiene ventajas y desventajas. Creo que da mayor certeza que estuvieran fuera del cargo\u201d, explic\u00f3.<br>Cabe recordar que esto incluye a Claudia Sheinbaum, jefa de Gobierno de la Ciudad de M\u00e9xico; Ad\u00e1n Augusto L\u00f3pez, actual Secretario de Gobernaci\u00f3n, as\u00ed como el coordinador de Morena en el senado, Ricardo Monreal.<\/p>\n\n\n\n<p>De acuerdo con Delgado, el presidente Andr\u00e9s Manuel L\u00f3pez Obrador destac\u00f3 que Morena debe contar con un proceso que garantice la equidad, en vistas a elegir el candidato para las elecciones presidenciales de 2024.<\/p>\n","protected":false},"excerpt":{"rendered":"<p>Mario Delgado Carrillo, presidente nacional de Morena, explic\u00f3 que con la renuncia de Marcelo Ebrard a la Secretar\u00eda de Relaciones Exteriores se prev\u00e9 que las otras \u00abcorcholatas\u00bb tambi\u00e9n dejen sus cargos rumbo a las elecciones presidenciales de 2024, esto durante una entrevista con Radio F\u00f3rmula.As\u00ed, Delgado celebr\u00f3 el anuncio de Ebrard de dejar su cargo [&hellip;]<\/p>\n","protected":false},"author":4,"featured_media":27564,"comment_status":"open","ping_status":"open","sticky":false,"template":"","format":"standard","meta":{"om_disable_all_campaigns":false,"_monsterinsights_skip_tracking":false,"_monsterinsights_sitenote_active":false,"_monsterinsights_sitenote_note":"","_monsterinsights_sitenote_category":0,"footnotes":""},"categories":[176],"tags":[],"class_list":["post-27563","post","type-post","status-publish","format-standard","has-post-thumbnail","hentry","category-nacional"],"amp_enabled":true,"_links":{"self":[{"href":"https:\/\/lahora.mx\/index.php\/wp-json\/wp\/v2\/posts\/27563","targetHints":{"allow":["GET"]}}],"collection":[{"href":"https:\/\/lahora.mx\/index.php\/wp-json\/wp\/v2\/posts"}],"about":[{"href":"https:\/\/lahora.mx\/index.php\/wp-json\/wp\/v2\/types\/post"}],"author":[{"embeddable":true,"href":"https:\/\/lahora.mx\/index.php\/wp-json\/wp\/v2\/users\/4"}],"replies":[{"embeddable":true,"href":"https:\/\/lahora.mx\/index.php\/wp-json\/wp\/v2\/comments?post=27563"}],"version-history":[{"count":1,"href":"https:\/\/lahora.mx\/index.php\/wp-json\/wp\/v2\/posts\/27563\/revisions"}],"predecessor-version":[{"id":27565,"href":"https:\/\/lahora.mx\/index.php\/wp-json\/wp\/v2\/posts\/27563\/revisions\/27565"}],"wp:featuredmedia":[{"embeddable":true,"href":"https:\/\/lahora.mx\/index.php\/wp-json\/wp\/v2\/media\/27564"}],"wp:attachment":[{"href":"https:\/\/lahora.mx\/index.php\/wp-json\/wp\/v2\/media?parent=27563"}],"wp:term":[{"taxonomy":"category","embeddable":true,"href":"https:\/\/lahora.mx\/index.php\/wp-json\/wp\/v2\/categories?post=27563"},{"taxonomy":"post_tag","embeddable":true,"href":"https:\/\/lahora.mx\/index.php\/wp-json\/wp\/v2\/tags?post=27563"}],"curies":[{"name":"wp","href":"https:\/\/api.w.org\/{rel}","templated":true}]}}