{"id":27557,"date":"2023-06-07T02:37:33","date_gmt":"2023-06-07T02:37:33","guid":{"rendered":"http:\/\/lahora.mx\/?p=27557"},"modified":"2023-06-07T02:37:33","modified_gmt":"2023-06-07T02:37:33","slug":"dejara-marcelo-ebrard-la-secretaria-de-relaciones-exteriores-el-12-de-junio","status":"publish","type":"post","link":"https:\/\/lahora.mx\/index.php\/2023\/06\/07\/dejara-marcelo-ebrard-la-secretaria-de-relaciones-exteriores-el-12-de-junio\/","title":{"rendered":"Dejar\u00e1 Marcelo Ebrard la Secretar\u00eda de Relaciones Exteriores el 12 de junio"},"content":{"rendered":"\n<p>Marcelo Ebrard, corcholata presidencial, anunci\u00f3 que presentar\u00e1 su renuncia a la Secretar\u00eda de Relaciones Exteriores el pr\u00f3ximo lunes 12 de junio para dedicarse de lleno a defender el proyecto del presidente Andr\u00e9s Manuel L\u00f3pez Obrador en todo el pa\u00eds.<\/p>\n\n\n\n<p>He resuelto tambi\u00e9n solicitar y presentar mi renuncia a la Secretar\u00eda de Relaciones Exteriores a partir del lunes 12 junio a primera hora, la pr\u00f3xima semana\u201d, anunci\u00f3 Ebrard en medio de los gritos de \u201cMarcelo, Marcelo\u201d.<\/p>\n\n\n\n<p>El todav\u00eda canciller agreg\u00f3 que se dedicar\u00e1 de lleno a defender el proyecto que encabeza el presidente L\u00f3pez Obrador en toda la Rep\u00fablica Mexicana, \u00abcon alegr\u00eda y resoluci\u00f3n\u00bb.<\/p>\n\n\n\n<p>Marcelo Ebrard dijo en la conferencia de prensa que le \u00abentusiasma participar en este gran movimiento Morena, me entusiasma y me enorgullezco ser parte de la cuarta transformaci\u00f3n y tambi\u00e9n me entusiasma actuar con congruencia, por eso me separo del cargo y voy a encontrarme con los ciudadanos y ciudadanas\u201d.<\/p>\n\n\n\n<p>Marcelo agradece al presidente L\u00f3pez Obrador<br>El canciller agradeci\u00f3 al presidente L\u00f3pez Obrador por su respaldo, su confianza, su generosidad, su orientaci\u00f3n y su cercan\u00eda todos estos a\u00f1os y \u201cas\u00ed seguiremos los a\u00f1os por venir\u201d.<br>El canciller hab\u00eda sido recibido en un sal\u00f3n del Centro de la Ciudad de M\u00e9xico al grito de \u201cMarcelo, Marcelo, Marcelo\u201d e incluso brome\u00f3 sobre que se dar\u00edan respuestas, al referir que no aceptar\u00edan preguntas de los medios de comunicaci\u00f3n.<\/p>\n\n\n\n<p>Desde el lunes, el aspirante presidencial ten\u00eda la intenci\u00f3n de presentar su m\u00e9todo para la elecci\u00f3n del candidato presidencial de Morena de las elecciones 2024; sin embargo, el dirigente del partido, Mario Delgado, le pidi\u00f3 retrasar el anuncio.<\/p>\n\n\n\n<p>Sigan la transmisi\u00f3n que realizaremos para todas y todos ustedes, en donde informar\u00e9 algo sumamente importante para el futuro de nuestro partido y de la defensa de la Cuarta Transformaci\u00f3n, as\u00ed como del proyecto de nuestro Presidente. \u00a1No se la pierdan en mis redes! Me conectar\u00e9 con ustedes poco antes del anuncio\u201d, escribi\u00f3 hoy en sus redes sociales el todav\u00eda canciller.<\/p>\n","protected":false},"excerpt":{"rendered":"<p>Marcelo Ebrard, corcholata presidencial, anunci\u00f3 que presentar\u00e1 su renuncia a la Secretar\u00eda de Relaciones Exteriores el pr\u00f3ximo lunes 12 de junio para dedicarse de lleno a defender el proyecto del presidente Andr\u00e9s Manuel L\u00f3pez Obrador en todo el pa\u00eds. He resuelto tambi\u00e9n solicitar y presentar mi renuncia a la Secretar\u00eda de Relaciones Exteriores a partir [&hellip;]<\/p>\n","protected":false},"author":4,"featured_media":27558,"comment_status":"open","ping_status":"open","sticky":false,"template":"","format":"standard","meta":{"om_disable_all_campaigns":false,"_monsterinsights_skip_tracking":false,"_monsterinsights_sitenote_active":false,"_monsterinsights_sitenote_note":"","_monsterinsights_sitenote_category":0,"footnotes":""},"categories":[176],"tags":[195],"class_list":["post-27557","post","type-post","status-publish","format-standard","has-post-thumbnail","hentry","category-nacional","tag-principal"],"amp_enabled":true,"_links":{"self":[{"href":"https:\/\/lahora.mx\/index.php\/wp-json\/wp\/v2\/posts\/27557","targetHints":{"allow":["GET"]}}],"collection":[{"href":"https:\/\/lahora.mx\/index.php\/wp-json\/wp\/v2\/posts"}],"about":[{"href":"https:\/\/lahora.mx\/index.php\/wp-json\/wp\/v2\/types\/post"}],"author":[{"embeddable":true,"href":"https:\/\/lahora.mx\/index.php\/wp-json\/wp\/v2\/users\/4"}],"replies":[{"embeddable":true,"href":"https:\/\/lahora.mx\/index.php\/wp-json\/wp\/v2\/comments?post=27557"}],"version-history":[{"count":1,"href":"https:\/\/lahora.mx\/index.php\/wp-json\/wp\/v2\/posts\/27557\/revisions"}],"predecessor-version":[{"id":27559,"href":"https:\/\/lahora.mx\/index.php\/wp-json\/wp\/v2\/posts\/27557\/revisions\/27559"}],"wp:featuredmedia":[{"embeddable":true,"href":"https:\/\/lahora.mx\/index.php\/wp-json\/wp\/v2\/media\/27558"}],"wp:attachment":[{"href":"https:\/\/lahora.mx\/index.php\/wp-json\/wp\/v2\/media?parent=27557"}],"wp:term":[{"taxonomy":"category","embeddable":true,"href":"https:\/\/lahora.mx\/index.php\/wp-json\/wp\/v2\/categories?post=27557"},{"taxonomy":"post_tag","embeddable":true,"href":"https:\/\/lahora.mx\/index.php\/wp-json\/wp\/v2\/tags?post=27557"}],"curies":[{"name":"wp","href":"https:\/\/api.w.org\/{rel}","templated":true}]}}