{"id":27554,"date":"2023-06-07T01:08:29","date_gmt":"2023-06-07T01:08:29","guid":{"rendered":"http:\/\/lahora.mx\/?p=27554"},"modified":"2023-06-07T01:08:30","modified_gmt":"2023-06-07T01:08:30","slug":"debemos-continuar-con-el-legado-del-presidente-lopez-obrador-para-consolidar-la-4t-armenta","status":"publish","type":"post","link":"https:\/\/lahora.mx\/index.php\/2023\/06\/07\/debemos-continuar-con-el-legado-del-presidente-lopez-obrador-para-consolidar-la-4t-armenta\/","title":{"rendered":"Debemos continuar con el legado del presidente L\u00f3pez Obrador para consolidar la 4T: Armenta"},"content":{"rendered":"\n<p>La unidad ser\u00e1 la ruta de competitividad para Morena rumbo al 2024, en coincidencia con lo manifestado por el presidente Andr\u00e9s Manuel L\u00f3pez Obrador, apunt\u00f3 el senador Alejandro Armenta con miras a la sucesi\u00f3n gubernamental en 9 estados, incluido Puebla.<\/p>\n\n\n\n<p>El legislador morenista, en rueda de prensa con medios de comunicaci\u00f3n nacionales, consider\u00f3 que la ruta de la competitividad de su partido la definir\u00e1 el respeto, la inclusi\u00f3n y el di\u00e1logo, \u201cuna vez que en cada entidad se defina quien abanderar\u00e1 las candidaturas, se debe actuar con responsabilidad pol\u00edtica y hacer trabajo en equipo con todas y todos para continuar con el legado del presidente L\u00f3pez Obrador\u201d.<\/p>\n\n\n\n<p>Alejandro Armenta refiri\u00f3 que el car\u00e1cter nacionalista del ejecutivo federal de separar el poder pol\u00edtico del econ\u00f3mico debe consolidarse, toda vez que Morena gobierna en 21 estados por lo que hay una responsabilidad social de anteponer los intereses del pueblo a los intereses extranjeros, evitando los abusos del poder.<\/p>\n\n\n\n<p>Finalmente, remarc\u00f3 que la mejor manera de honrar la oportunidad de ser parte de la 4T en Morena \u00abes seguir caminando con humildad a favor del pueblo, como pol\u00edticos despojarse de la arrogancia y la soberbia para servir con los principios de la 4a. Transformaci\u00f3n\u00bb resalt\u00f3 el senador Armenta.<\/p>\n","protected":false},"excerpt":{"rendered":"<p>La unidad ser\u00e1 la ruta de competitividad para Morena rumbo al 2024, en coincidencia con lo manifestado por el presidente Andr\u00e9s Manuel L\u00f3pez Obrador, apunt\u00f3 el senador Alejandro Armenta con miras a la sucesi\u00f3n gubernamental en 9 estados, incluido Puebla. El legislador morenista, en rueda de prensa con medios de comunicaci\u00f3n nacionales, consider\u00f3 que la [&hellip;]<\/p>\n","protected":false},"author":4,"featured_media":27555,"comment_status":"open","ping_status":"open","sticky":false,"template":"","format":"standard","meta":{"om_disable_all_campaigns":false,"_monsterinsights_skip_tracking":false,"_monsterinsights_sitenote_active":false,"_monsterinsights_sitenote_note":"","_monsterinsights_sitenote_category":0,"footnotes":""},"categories":[175],"tags":[223],"class_list":["post-27554","post","type-post","status-publish","format-standard","has-post-thumbnail","hentry","category-local","tag-puebla"],"amp_enabled":true,"_links":{"self":[{"href":"https:\/\/lahora.mx\/index.php\/wp-json\/wp\/v2\/posts\/27554","targetHints":{"allow":["GET"]}}],"collection":[{"href":"https:\/\/lahora.mx\/index.php\/wp-json\/wp\/v2\/posts"}],"about":[{"href":"https:\/\/lahora.mx\/index.php\/wp-json\/wp\/v2\/types\/post"}],"author":[{"embeddable":true,"href":"https:\/\/lahora.mx\/index.php\/wp-json\/wp\/v2\/users\/4"}],"replies":[{"embeddable":true,"href":"https:\/\/lahora.mx\/index.php\/wp-json\/wp\/v2\/comments?post=27554"}],"version-history":[{"count":1,"href":"https:\/\/lahora.mx\/index.php\/wp-json\/wp\/v2\/posts\/27554\/revisions"}],"predecessor-version":[{"id":27556,"href":"https:\/\/lahora.mx\/index.php\/wp-json\/wp\/v2\/posts\/27554\/revisions\/27556"}],"wp:featuredmedia":[{"embeddable":true,"href":"https:\/\/lahora.mx\/index.php\/wp-json\/wp\/v2\/media\/27555"}],"wp:attachment":[{"href":"https:\/\/lahora.mx\/index.php\/wp-json\/wp\/v2\/media?parent=27554"}],"wp:term":[{"taxonomy":"category","embeddable":true,"href":"https:\/\/lahora.mx\/index.php\/wp-json\/wp\/v2\/categories?post=27554"},{"taxonomy":"post_tag","embeddable":true,"href":"https:\/\/lahora.mx\/index.php\/wp-json\/wp\/v2\/tags?post=27554"}],"curies":[{"name":"wp","href":"https:\/\/api.w.org\/{rel}","templated":true}]}}