{"id":27551,"date":"2023-06-07T00:54:33","date_gmt":"2023-06-07T00:54:33","guid":{"rendered":"http:\/\/lahora.mx\/?p=27551"},"modified":"2023-06-07T00:54:33","modified_gmt":"2023-06-07T00:54:33","slug":"una-clinica-para-mascotas-anuncia-el-ejecutivo-estatal-de-tlaxcala","status":"publish","type":"post","link":"https:\/\/lahora.mx\/index.php\/2023\/06\/07\/una-clinica-para-mascotas-anuncia-el-ejecutivo-estatal-de-tlaxcala\/","title":{"rendered":"Una cl\u00ednica para mascotas, anuncia el Ejecutivo Estatal de Tlaxcala"},"content":{"rendered":"\n<p>Este a\u00f1o se realizar\u00e1 la construcci\u00f3n de la Cl\u00ednica de Bienestar Animal como otro compromiso adquirido al inicio de la administraci\u00f3n y que, de hecho, ya se cuenta con el proyecto arquitect\u00f3nico.<\/p>\n\n\n\n<p>La gobernadora del Estado, Lorena Cu\u00e9llar Cisneros, no adelant\u00f3 cu\u00e1l ser\u00e1 el costo de la obra, pero en su momento se dar\u00e1 a conocer cu\u00e1ndo y d\u00f3nde se colocar\u00e1 la primera piedra, dijo en entrevista colectiva.<\/p>\n\n\n\n<p>\u201cMi idea de Bienestar Animal va m\u00e1s all\u00e1, queremos hacer una Cl\u00ednica de Bienestar Animal. Hoy muchas personas se dedican a cuidar a sus mascotas en sus hogares, pero el cuidado de ellas se ha vuelto muy especial y desde campa\u00f1a eso me ped\u00eda mucha gente, por eso creamos la Coordinaci\u00f3n de Bienestar Animal. Ya tenemos el proyecto y el costo, pero no me adelanto\u201d.<\/p>\n\n\n\n<p>En cuanto a la reuni\u00f3n que la noche del lunes tuvieron gobernadores con el presidente AMLO en Ciudad de M\u00e9xico, la mandataria estatal coment\u00f3 que fue b\u00e1sicamente para ratificar la unidad al interior del Movimiento y felicitar a Delfina G\u00f3mez \u00c1lvarez como gobernadora electa del Estado de M\u00e9xico.<\/p>\n\n\n\n<p>Y, por otro lado, Cu\u00e9llar Cisneros asever\u00f3 que las afectaciones a instalaciones hospitalarias por las m\u00e1s recientes granizadas en la zona centro de la entidad, generaron afectaciones menores a la infraestructura y en el caso de una cl\u00ednica de reciente creaci\u00f3n en la Ciudad de la Salud, tuvo una filtraci\u00f3n de la que la empresa constructora responsable ya est\u00e1 atendiendo.<\/p>\n\n\n\n<p>Empero, todo el sistema de salud se encuentra bajo control y funcionando de manera normal.<\/p>\n","protected":false},"excerpt":{"rendered":"<p>Este a\u00f1o se realizar\u00e1 la construcci\u00f3n de la Cl\u00ednica de Bienestar Animal como otro compromiso adquirido al inicio de la administraci\u00f3n y que, de hecho, ya se cuenta con el proyecto arquitect\u00f3nico. La gobernadora del Estado, Lorena Cu\u00e9llar Cisneros, no adelant\u00f3 cu\u00e1l ser\u00e1 el costo de la obra, pero en su momento se dar\u00e1 a [&hellip;]<\/p>\n","protected":false},"author":4,"featured_media":27552,"comment_status":"open","ping_status":"open","sticky":false,"template":"","format":"standard","meta":{"om_disable_all_campaigns":false,"_monsterinsights_skip_tracking":false,"_monsterinsights_sitenote_active":false,"_monsterinsights_sitenote_note":"","_monsterinsights_sitenote_category":0,"footnotes":""},"categories":[175],"tags":[223,210],"class_list":["post-27551","post","type-post","status-publish","format-standard","has-post-thumbnail","hentry","category-local","tag-puebla","tag-tlaxcala"],"amp_enabled":true,"_links":{"self":[{"href":"https:\/\/lahora.mx\/index.php\/wp-json\/wp\/v2\/posts\/27551","targetHints":{"allow":["GET"]}}],"collection":[{"href":"https:\/\/lahora.mx\/index.php\/wp-json\/wp\/v2\/posts"}],"about":[{"href":"https:\/\/lahora.mx\/index.php\/wp-json\/wp\/v2\/types\/post"}],"author":[{"embeddable":true,"href":"https:\/\/lahora.mx\/index.php\/wp-json\/wp\/v2\/users\/4"}],"replies":[{"embeddable":true,"href":"https:\/\/lahora.mx\/index.php\/wp-json\/wp\/v2\/comments?post=27551"}],"version-history":[{"count":1,"href":"https:\/\/lahora.mx\/index.php\/wp-json\/wp\/v2\/posts\/27551\/revisions"}],"predecessor-version":[{"id":27553,"href":"https:\/\/lahora.mx\/index.php\/wp-json\/wp\/v2\/posts\/27551\/revisions\/27553"}],"wp:featuredmedia":[{"embeddable":true,"href":"https:\/\/lahora.mx\/index.php\/wp-json\/wp\/v2\/media\/27552"}],"wp:attachment":[{"href":"https:\/\/lahora.mx\/index.php\/wp-json\/wp\/v2\/media?parent=27551"}],"wp:term":[{"taxonomy":"category","embeddable":true,"href":"https:\/\/lahora.mx\/index.php\/wp-json\/wp\/v2\/categories?post=27551"},{"taxonomy":"post_tag","embeddable":true,"href":"https:\/\/lahora.mx\/index.php\/wp-json\/wp\/v2\/tags?post=27551"}],"curies":[{"name":"wp","href":"https:\/\/api.w.org\/{rel}","templated":true}]}}