{"id":27545,"date":"2023-06-07T00:48:55","date_gmt":"2023-06-07T00:48:55","guid":{"rendered":"http:\/\/lahora.mx\/?p=27545"},"modified":"2023-06-07T00:48:55","modified_gmt":"2023-06-07T00:48:55","slug":"regresar-becas-a-nadadoras-fue-la-orden-de-juez-a-ana-guevara-y-conade","status":"publish","type":"post","link":"https:\/\/lahora.mx\/index.php\/2023\/06\/07\/regresar-becas-a-nadadoras-fue-la-orden-de-juez-a-ana-guevara-y-conade\/","title":{"rendered":"Regresar becas a nadadoras; fue la orden de juez a Ana Guevara y Conade"},"content":{"rendered":"\n<p>Un juez en materia Administrativa orden\u00f3 a la directora de la Comisi\u00f3n Nacional de Cultura F\u00edsica y Deporte (Conade), Ana Gabriela Guevara, continuar la entrega de becas y est\u00edmulos a las integrantes de la selecci\u00f3n nacional de nataci\u00f3n art\u00edstica.<br>Agust\u00edn Tello Esp\u00edndola, titular del Juzgado D\u00e9cimo Primero de Distrito en Materia Administrativa en la Ciudad de M\u00e9xico, concedi\u00f3 a las nadadoras una suspensi\u00f3n provisional en el amparo colectivo que interpusieron contra la omisi\u00f3n de la Conade de informar sobre la cancelaci\u00f3n de la beca que se ganaron por los resultados obtenidos durante el Mundial de Nataci\u00f3n Budapest 2022, en el que quedaron en el cuarto lugar.<\/p>\n\n\n\n<p>De esta manera, el juzgador tambi\u00e9n instruy\u00f3 al organismo deportivo que permita el acceso de las nadadoras a las instalaciones asignadas para llevar a cabo su entrenamiento, y adem\u00e1s se les otorgue derecho de audiencia.<\/p>\n\n\n\n<p>Ana Guevara vs atletas: calzones, Tupperware y Avon<br>En mayo pasado, las deportistas tramitaron un amparo en el que reclamaron la omisi\u00f3n de la Comisi\u00f3n Nacional de Cultura F\u00edsica y Deporte (Conade) de realizar los tr\u00e1mites y procedimientos correspondientes para la continuaci\u00f3n de la entrega beca, que, de acuerdo con la directora de la Conade, Ana Gabriela, est\u00e1 impedida para continuar otorg\u00e1ndola, debido al conflicto en el que est\u00e1 involucrado el expresidente de la Federaci\u00f3n Mexicana de Nataci\u00f3n (FMN), Kiril Todorov.<\/p>\n\n\n\n<p>El juez program\u00f3 para el pr\u00f3ximo 12 de junio, la audiencia incidental en la que determinar\u00e1 si concede a las nadadoras la suspensi\u00f3n definitiva contra los actos reclamados.<\/p>\n","protected":false},"excerpt":{"rendered":"<p>Un juez en materia Administrativa orden\u00f3 a la directora de la Comisi\u00f3n Nacional de Cultura F\u00edsica y Deporte (Conade), Ana Gabriela Guevara, continuar la entrega de becas y est\u00edmulos a las integrantes de la selecci\u00f3n nacional de nataci\u00f3n art\u00edstica.Agust\u00edn Tello Esp\u00edndola, titular del Juzgado D\u00e9cimo Primero de Distrito en Materia Administrativa en la Ciudad de [&hellip;]<\/p>\n","protected":false},"author":4,"featured_media":27546,"comment_status":"open","ping_status":"open","sticky":false,"template":"","format":"standard","meta":{"om_disable_all_campaigns":false,"_monsterinsights_skip_tracking":false,"_monsterinsights_sitenote_active":false,"_monsterinsights_sitenote_note":"","_monsterinsights_sitenote_category":0,"footnotes":""},"categories":[176],"tags":[],"class_list":["post-27545","post","type-post","status-publish","format-standard","has-post-thumbnail","hentry","category-nacional"],"amp_enabled":true,"_links":{"self":[{"href":"https:\/\/lahora.mx\/index.php\/wp-json\/wp\/v2\/posts\/27545","targetHints":{"allow":["GET"]}}],"collection":[{"href":"https:\/\/lahora.mx\/index.php\/wp-json\/wp\/v2\/posts"}],"about":[{"href":"https:\/\/lahora.mx\/index.php\/wp-json\/wp\/v2\/types\/post"}],"author":[{"embeddable":true,"href":"https:\/\/lahora.mx\/index.php\/wp-json\/wp\/v2\/users\/4"}],"replies":[{"embeddable":true,"href":"https:\/\/lahora.mx\/index.php\/wp-json\/wp\/v2\/comments?post=27545"}],"version-history":[{"count":1,"href":"https:\/\/lahora.mx\/index.php\/wp-json\/wp\/v2\/posts\/27545\/revisions"}],"predecessor-version":[{"id":27547,"href":"https:\/\/lahora.mx\/index.php\/wp-json\/wp\/v2\/posts\/27545\/revisions\/27547"}],"wp:featuredmedia":[{"embeddable":true,"href":"https:\/\/lahora.mx\/index.php\/wp-json\/wp\/v2\/media\/27546"}],"wp:attachment":[{"href":"https:\/\/lahora.mx\/index.php\/wp-json\/wp\/v2\/media?parent=27545"}],"wp:term":[{"taxonomy":"category","embeddable":true,"href":"https:\/\/lahora.mx\/index.php\/wp-json\/wp\/v2\/categories?post=27545"},{"taxonomy":"post_tag","embeddable":true,"href":"https:\/\/lahora.mx\/index.php\/wp-json\/wp\/v2\/tags?post=27545"}],"curies":[{"name":"wp","href":"https:\/\/api.w.org\/{rel}","templated":true}]}}